{"id":1028,"date":"2025-01-13T18:14:50","date_gmt":"2025-01-13T17:14:50","guid":{"rendered":"https:\/\/www.kojiroakagi.com\/kojiroakagi_wp\/?p=1028"},"modified":"2025-04-05T13:58:31","modified_gmt":"2025-04-05T11:58:31","slug":"kojiro-akagi-de-retour-au-grand-palais","status":"publish","type":"post","link":"https:\/\/www.kojiroakagi.com\/kojiroakagi_wp\/kojiro-akagi-de-retour-au-grand-palais\/","title":{"rendered":"Kojiro AKAGI de retour au Grand Palais pour l&rsquo;\u00e9dition d&rsquo;ART CAPITAL 2025 !"},"content":{"rendered":"<div id=\"attachment_1033\" style=\"width: 232px\" class=\"wp-caption alignright\"><img loading=\"lazy\" decoding=\"async\" aria-describedby=\"caption-attachment-1033\" class=\"wp-image-1033 size-medium\" src=\"https:\/\/www.kojiroakagi.com\/kojiroakagi_wp\/wp-content\/uploads\/2025\/01\/P71-04-Kojiro-AKAGI-Cote-Grand-Palais-pour-internet-1024-222x300.jpg\" alt=\"Oeuvre de Kojiro AKAGI, \u00ab Paris je t\u2019aime, c\u00f4t\u00e9 Grand-Palais \u00bb, Copyright ADAGP, FDD Kojiro Akagi\" width=\"222\" height=\"300\" srcset=\"https:\/\/www.kojiroakagi.com\/kojiroakagi_wp\/wp-content\/uploads\/2025\/01\/P71-04-Kojiro-AKAGI-Cote-Grand-Palais-pour-internet-1024-222x300.jpg 222w, https:\/\/www.kojiroakagi.com\/kojiroakagi_wp\/wp-content\/uploads\/2025\/01\/P71-04-Kojiro-AKAGI-Cote-Grand-Palais-pour-internet-1024.jpg 759w\" sizes=\"auto, (max-width: 222px) 100vw, 222px\" \/><p id=\"caption-attachment-1033\" class=\"wp-caption-text\">Oeuvre de Kojiro AKAGI, \u00ab Paris je t\u2019aime, c\u00f4t\u00e9 Grand-Palais \u00bb, Copyright ADAGP, FDD Kojiro Akagi<\/p><\/div>\n<h1><span style=\"color: #ff0000;\">ART CAPITAL 2025<\/span><br \/>\n<span style=\"color: #ff0000;\">Salon des Ind\u00e9pendants<\/span><\/h1>\n<h2>Hommage \u00e0 Kojiro AKAGI,<br \/>\nle plus parisien des peintres japonais<\/h2>\n<p>4 ans apr\u00e8s son d\u00e9c\u00e8s, vous retrouverez au Salon des Ind\u00e9pendants un espace d\u00e9di\u00e9 \u00e0 Kojiro AKAGI qui sublimera Paris avec plus 10 grandes huiles aux filets rouge, dessins, lithographies, effets personnels et photographies retra\u00e7ant sa vie, son oeuvre.<\/p>\n<p>Dossier de presse : <a href=\"https:\/\/www.kojiroakagi.com\/kojiroakagi_wp\/wp-content\/uploads\/2025\/04\/AKAGI-Le-Salon-des-Independants-exposition-vente-du-18-au-22-fevrier-2025.pdf\" target=\"_blank\" rel=\"noopener\">https:\/\/www.kojiroakagi.com\/kojiroakagi_wp\/wp-content\/uploads\/2025\/04\/AKAGI-Le-Salon-des-Independants-exposition-vente-du-18-au-22-fevrier-2025.pdf<\/a><\/p>\n<hr \/>\n<p><strong>Exposition du mercredi 19 au samedi 22 f\u00e9vrier 2025<\/strong><\/p>\n<hr \/>\n<pre style=\"padding-left: 120px;\">Vos dons et acquisitions nous sont pr\u00e9cieux pour pr\u00e9server le patrimoine de l'artiste, stocker ses oeuvres dans le but de cr\u00e9er un mus\u00e9e personnel de l'artiste. En 2025, nous comptons \u00e0 nouveau sur vous : faire un don sur\r\n<a href=\"https:\/\/www.helloasso.com\/associations\/fonds-de-dotation-kojiro-akagi\/formulaires\/1\" target=\"_blank\" rel=\"noopener\">https:\/\/www.helloasso.com\/associations\/fonds-de-dotation-kojiro-akagi\/formulaires\/1\u00a0<\/a>\r\n\r\nPour vous remercier, vous recevrez une d\u00e9duction fiscale et \u00e0 partir de 500 euros, une lithographie originale sign\u00e9e par l'artiste.<\/pre>\n<hr \/>\n<div class=\"page\" title=\"Page 2\">\n<div class=\"section\">\n<div class=\"layoutArea\">\n<div id=\"attachment_674\" style=\"width: 160px\" class=\"wp-caption alignleft\"><img loading=\"lazy\" decoding=\"async\" aria-describedby=\"caption-attachment-674\" class=\"wp-image-674 size-thumbnail\" src=\"https:\/\/www.kojiroakagi.com\/kojiroakagi_wp\/wp-content\/uploads\/2023\/12\/1599px-Kojiro_Akagi_1-150x150.jpg\" alt=\"M. Kojiro AKAGI - \u8d64\u6728 \u66e0\u5150\u90ce\" width=\"150\" height=\"150\" srcset=\"https:\/\/www.kojiroakagi.com\/kojiroakagi_wp\/wp-content\/uploads\/2023\/12\/1599px-Kojiro_Akagi_1-150x150.jpg 150w, https:\/\/www.kojiroakagi.com\/kojiroakagi_wp\/wp-content\/uploads\/2023\/12\/1599px-Kojiro_Akagi_1-100x100.jpg 100w\" sizes=\"auto, (max-width: 150px) 100vw, 150px\" \/><p id=\"caption-attachment-674\" class=\"wp-caption-text\">M. Kojiro AKAGI &#8211; \u8d64\u6728 \u66e0\u5150\u90ce<\/p><\/div>\n<p><strong>Kojiro AKAGI<\/strong> est ne\u0301 le 3 janvier 1934 a\u0300 Okayama, au Japon. Il s\u2019installe a\u0300 Paris en 1963 et inte\u0300gre l\u2019E\u0301cole Nationale Supe\u0301rieure des Beaux-Arts. Devenu sans conteste le plus parisien des artistes japonais, il a peint continuellement Paris avec passion jusqu\u2019a\u0300 son dernier souffle. Il commence a\u0300 exposer dans le cadre du salon des \u00abArtistes Inde\u0301pendants\u00bb de\u0300s 1964.<\/p>\n<div class=\"column\">\n<p>En 2002, une re\u0301trospective consacre\u0301e a\u0300 cet e\u0301minent artiste s\u2019est tenue au Salon des Inde\u0301pendants a\u0300 l\u2019Espace Auteuil de Paris.<\/p>\n<p>Il nous a quitte\u0301 le 15 fe\u0301vrier 2021 a\u0300 Okayama-Shi, dans sa ville natale.<\/p>\n<p><strong>M. Kojiro Akagi<\/strong> est imme\u0301diatement se\u0301duit par la capitale des Arts et commence a\u0300 travailler d\u2019apre\u0300s nature, installant son chevalet au gre\u0301 de ses promenades parisiennes. Rapidement, il surprend les passants par le choix de ses sujets, son sens de l\u2019observation et la minutie de son travail. En explorant avec de\u0301termination chaque quartier de la capitale et en repre\u0301sentant avec une grande pre\u0301cision la ville sous ses multiples facettes, tout en s\u2019inte\u0301ressant a\u0300 la me\u0301moire de chacun de ses lieux, il est devenu un expert avise\u0301 de l\u2019histoire de \u00absa\u00bb ville d\u2019adoption, Paris.<\/p>\n<pre><strong>Infatigable artiste au style singulier et inimitable<\/strong><\/pre>\n<p>Puis, il enrichit sa production artistique en explorant des nus, des objets collecte\u0301s au cours de ses promenades, ainsi que des portraits de personnalite\u0301s connues et d\u2019anonymes qu\u2019il repre\u0301sente avec une certaine malice. Apre\u0300s avoir expe\u0301rimente\u0301 les principaux courants de la peinture franc\u0327aise des XIXe et XXe sie\u0300cles, allant de l\u2019impressionnisme au fauvisme, il finit par de\u0301velopper son propre style singulier et inimitable de dessin aquarelle\u0301 a\u0300 la plume, auquel s\u2019ajoutent des peintures a\u0300 l\u2019huile en relief re\u0301alise\u0301es selon un \u00abfil rouge\u00bb.<\/p>\n<p>L\u2019artiste laissera a\u0300 la poste\u0301rite\u0301 un nombre impressionnant d\u2019\u0153uvres a\u0300 travers le monde dont 600 repre\u0301sentent la capitale, compile\u0301es dans un ouvrage compose\u0301 de plusieurs volumes appele\u0301 \u00abPeintures du Paris d\u2019Akagi\u00bb. Certaines \u0153uvres ont de\u0301ja\u0300 rejoint de prestigieuses collections comme celles du muse\u0301e \u00abCarnavalet\u00bb a\u0300 Paris, de nombreuses institutions japonaises telles que le \u00abUeno Royal Museum\u00bb a\u0300 Tokyo. Ses \u0153uvres sont e\u0301galement pre\u0301sentes dans les collections de l\u2019Ambassade du Japon, de la Bibliothe\u0300que du Trocade\u0301ro ou encore de l\u2019Universite\u0301 d\u2019Okayama. Une tre\u0300s belle pie\u0300ce a\u0300 l\u2019huile, la fac\u0327ade de Notre-Dame, se trouve au Muse\u0301e de Vatican. Cette liste est loin d\u2019e\u0302tre comple\u0300te.<\/p>\n<p>Artiste mondialement reconnu, il a rec\u0327u de nombreuses distinctions telles que la Me\u0301daille d\u2019or au Salon des artistes franc\u0327ais, le Prix Puvis de Chavanne au Salon national des Beaux-Arts, en France, l\u2019Ordre du Soleil levant au Japon, jusqu\u2019a\u0300 sa nomination de Chevalier de l\u2019Ordre des Arts et des Lettres.<\/p>\n<p style=\"padding-left: 40px;\"><strong>M. Kojiro Akagi<\/strong> a le\u0301gue\u0301 l\u2019ensemble de ses \u0153uvres au Fonds de Dotation Kojiro Akagi qui a pour missions de pre\u0301server son patrimoine artistique, de le faire connai\u0302tre a\u0300 travers des manifestations et expositions et de soutenir les cre\u0301ateurs s\u2019inspirant de la ville de Paris ainsi que la jeune ge\u0301ne\u0301ration artistique japonaise par le versement de bourses,<\/p>\n<p>Cet infatigable \u00abartiste dessinateur-peintre aux lignes rouges ou blanches\u00bb a servi l\u2019image de Paris et su mettre en valeur cette ville qu\u2019il che\u0301rissait tant.<\/p>\n<p><strong>Anne-Charlotte Me\u0301noret<\/strong>, Vice-Pre\u0301sidente du Salon des Inde\u0301pendants<br \/>\net <strong>Jean-Luc Masson<\/strong>, Pre\u0301sident du Fonds de dotation Kojiro Akagi<\/p>\n<\/div>\n<\/div>\n<\/div>\n<\/div>\n<hr \/>\n<p><img loading=\"lazy\" decoding=\"async\" class=\"alignleft size-full wp-image-1035\" src=\"https:\/\/www.kojiroakagi.com\/kojiroakagi_wp\/wp-content\/uploads\/2025\/01\/18e-Salon-Art-Capital-1024x157-1.png\" alt=\"\" width=\"1024\" height=\"157\" srcset=\"https:\/\/www.kojiroakagi.com\/kojiroakagi_wp\/wp-content\/uploads\/2025\/01\/18e-Salon-Art-Capital-1024x157-1.png 1024w, https:\/\/www.kojiroakagi.com\/kojiroakagi_wp\/wp-content\/uploads\/2025\/01\/18e-Salon-Art-Capital-1024x157-1-300x46.png 300w, https:\/\/www.kojiroakagi.com\/kojiroakagi_wp\/wp-content\/uploads\/2025\/01\/18e-Salon-Art-Capital-1024x157-1-768x118.png 768w\" sizes=\"auto, (max-width: 1024px) 100vw, 1024px\" \/><\/p>\n<p>&nbsp;<\/p>\n<p>&nbsp;<\/p>\n<p>&nbsp;<\/p>\n<p>&nbsp;<\/p>\n<p><strong>Le Salon des ind\u00e9pendants est une exposition d&rsquo;art qui se tient chaque ann\u00e9e \u00e0 Paris depuis 1884, et qui a pour vocation de r\u00e9unir les \u0153uvres de tous les artistes revendiquant une certaine ind\u00e9pendance dans leur art.<\/strong><\/p>\n<p>Plusieurs centaines d&rsquo;artistes y participent, dont Georges Seurat, Charles Angrand, Odilon Redon, Henri-Edmond Cross, Paul Signac, mais aussi de nombreux peintres m\u00e9diocres : \u00ab Les navets, ainsi qu&rsquo;il est normal, y abondaient, comme en tous les salons de quelque couleur qu&rsquo;ils soient3. \u00bb La gestion erratique de la caisse mit un terme \u00e0 ce premier Salon qui fut liquid\u00e9 financi\u00e8rement. Une quarantaine d&rsquo;artistes vont alors se r\u00e9unir sous la pr\u00e9sidence d&rsquo;Odilon Redon et tiennent une premi\u00e8re assembl\u00e9e le 31 mai dans la salle Montesquieu, au 5 de la rue \u00e9ponyme, dans un Bouillon Duval, afin de cr\u00e9er une nouvelle soci\u00e9t\u00e9, plus viable. Parmi les membres fondateurs, on peut citer Redon et Dubois-Pillet, premiers vice-pr\u00e9sidents, Seurat, Signac, Cross, Marie-Edmond H\u00f6ner et Angrand4.<\/p>\n<p>(extrait de wikipedia.org &#8211; <a href=\"https:\/\/fr.wikipedia.org\/wiki\/Salon_des_ind%C3%A9pendants\" target=\"_blank\" rel=\"noopener\">https:\/\/fr.wikipedia.org\/wiki\/Salon_des_ind%C3%A9pendants<\/a><\/p>\n<p>&nbsp;<\/p>\n<p><strong>Le vernissage (sur invitation) se d\u00e9roulera le mardi 18 f\u00e9vrier 2025 de 15h00 \u00e0 22h00.<\/strong><\/p>\n<p>Merci de confirmer votre pr\u00e9sence (dans la limite des places disponibles)<br \/>\n&#8211;&gt; <a href=\"https:\/\/www.kojiroakagi.com\/kojiroakagi_wp\/laissez-nous-vos-coordonnees\/\" target=\"_blank\" rel=\"noopener\">https:\/\/www.kojiroakagi.com\/kojiroakagi_wp\/laissez-nous-vos-coordonnees\/<\/a><\/p>\n<p><b>Exposition<\/b><strong>\u00a0du mercredi 19 au samedi 22 f\u00e9vrier 2025\u00a0<\/strong><\/p>\n<ul>\n<li>Mercredi 19 f\u00e9vrier de 11 heures \u00e0 20 heures<\/li>\n<li>Jeudi 20 f\u00e9vrier de 11 heures \u00e0 20 heures<\/li>\n<li>Vendredi 21 f\u00e9vrier de 11 heures \u00e0 22 heures<\/li>\n<li>Samedi 22 f\u00e9vrier de 10 heures \u00e0 18 heures<\/li>\n<\/ul>\n<p><a href=\"https:\/\/salondesindependants.fr\/\" target=\"_blank\" rel=\"noopener\">https:\/\/salondesindependants.fr\/<\/a><\/p>\n<p><a href=\"https:\/\/www.instagram.com\/artistesindep\/\" target=\"_blank\" rel=\"noopener\">https:\/\/www.instagram.com\/artistesindep\/<\/a><\/p>\n<p><a href=\"https:\/\/www.instagram.com\/salondesindependants\" target=\"_blank\" rel=\"noopener\">https:\/\/www.instagram.com\/salondesindependants<\/a><\/p>\n<hr \/>\n<h1><span style=\"color: #ff0000;\">ART CAPITAL revient au Grand Palais !<\/span><\/h1>\n<p>\u00c9DITO &#8211; \u00c9dition 2025 de ART CAPITAL \u00e0 Paris &#8211; \u00a0<a href=\"https:\/\/artcapital.fr\/fr\" target=\"_blank\" rel=\"noopener\">https:\/\/artcapital.fr\/fr<\/a><\/p>\n<p>De retour au Grand Palais, o\u00f9 les expositions universelles avaient lieu, ART CAPITAL vous redonne rendez-vous pour la grande exposition artistique annuelle au c\u0153ur de Paris.<\/p>\n<p>Du 19 au 22 f\u00e9vrier 2025, plus de 2000 artistes pr\u00e9sentent leurs \u0153uvres au Grand Palais, \u00e0 Paris<br \/>\nART CAPITAL est n\u00e9 en 2006 de la volont\u00e9 des Salons dits \u00ab Historiques du Grand Palais \u00bb et d&rsquo;artistes d&rsquo;horizons divers de jouer de leurs diff\u00e9rences, d&rsquo;unir leur force pour cr\u00e9er un \u00e9v\u00e9nement f\u00e9d\u00e9rateur et nouveau.<\/p>\n<p>Dans la tradition historique des salons artistiques, 4 Salons r\u00e9unis depuis 15 ans dans ART CAPITAL permettent d&rsquo;exposer des artistes \u00e9mergeants ou confirm\u00e9s.<\/p>\n<p>Venez nombreux rencontrer les \u0153uvres et les artistes, et nous montrer votre attachement pour un Art direct hors des circuits commerciaux.<\/p>\n<p>UN PARCOURS UNIQUE DANS L&rsquo;ART VIVANT D&rsquo;AUJOURD&rsquo;HUI.<\/p>\n<p><a href=\"https:\/\/artcapital.fr\/fr\" target=\"_blank\" rel=\"noopener\">https:\/\/artcapital.fr\/fr<\/a><\/p>\n<p><a href=\"https:\/\/www.instagram.com\/artcapitalparis\/?hl=fr\" target=\"_blank\" rel=\"noopener\">https:\/\/www.instagram.com\/artcapitalparis\/?hl=fr<\/a><\/p>\n<hr \/>\n<p>#Kojiro Akagi\u3000#\u8d64\u6728 \u66e0\u5150\u90ce<\/p>\n<p>#artcapital #artcapital2025 #artistes #grandpalais<\/p>\n","protected":false},"excerpt":{"rendered":"<p>ART CAPITAL 2025 Salon des Ind\u00e9pendants Hommage \u00e0 Kojiro AKAGI, le plus parisien des peintres japonais 4 ans apr\u00e8s son d\u00e9c\u00e8s, vous retrouverez au Salon des Ind\u00e9pendants un espace d\u00e9di\u00e9 \u00e0 Kojiro AKAGI qui sublimera Paris avec plus 10 grandes huiles aux filets rouge, dessins, lithographies, effets personnels et photographies retra\u00e7ant sa vie, son oeuvre. Dossier de presse : https:\/\/www.kojiroakagi.com\/kojiroakagi_wp\/wp-content\/uploads\/2025\/04\/AKAGI-Le-Salon-des-Independants-exposition-vente-du-18-au-22-fevrier-2025.pdf Exposition du mercredi 19 au samedi 22 f\u00e9vrier 2025 Vos dons et acquisitions nous sont pr\u00e9cieux pour pr\u00e9server le patrimoine de l&rsquo;artiste, stocker ses oeuvres dans le but de cr\u00e9er un mus\u00e9e personnel de l&rsquo;artiste. En 2025, nous comptons \u00e0 nouveau sur vous : faire un don sur https:\/\/www.helloasso.com\/associations\/fonds-de-dotation-kojiro-akagi\/formulaires\/1\u00a0 Pour vous remercier, vous recevrez une d\u00e9duction fiscale et \u00e0 partir de 500 euros, une lithographie originale sign\u00e9e par l&rsquo;artiste. Kojiro AKAGI est ne\u0301 le 3 janvier 1934 a\u0300 Okayama, au Japon. Il s\u2019installe a\u0300 Paris en 1963 et inte\u0300gre l\u2019E\u0301cole Nationale Supe\u0301rieure des Beaux-Arts. Devenu sans conteste le plus parisien des artistes japonais, il a peint continuellement Paris avec passion jusqu\u2019a\u0300 son dernier souffle. Il commence a\u0300 exposer dans le cadre du salon des \u00abArtistes Inde\u0301pendants\u00bb de\u0300s 1964. En 2002, une re\u0301trospective consacre\u0301e a\u0300 cet e\u0301minent artiste s\u2019est tenue au Salon des Inde\u0301pendants a\u0300 l\u2019Espace Auteuil de Paris. Il nous a quitte\u0301 le 15 fe\u0301vrier 2021 a\u0300 Okayama-Shi, dans sa ville natale. M. Kojiro Akagi est imme\u0301diatement se\u0301duit par la capitale des Arts et commence a\u0300 travailler d\u2019apre\u0300s nature, installant son chevalet au gre\u0301 de ses promenades parisiennes. Rapidement, il surprend les passants par le choix de ses sujets, son sens de l\u2019observation et la minutie de son travail. En explorant avec de\u0301termination chaque quartier de la capitale et en repre\u0301sentant avec une grande pre\u0301cision la ville sous ses multiples facettes, tout en s\u2019inte\u0301ressant a\u0300 la me\u0301moire de chacun de ses lieux, il est devenu un expert avise\u0301 de l\u2019histoire de \u00absa\u00bb ville d\u2019adoption, Paris. Infatigable artiste au style singulier et inimitable Puis, il enrichit sa production artistique en explorant des nus, des objets collecte\u0301s au cours de ses promenades, ainsi que des portraits de personnalite\u0301s connues et d\u2019anonymes qu\u2019il repre\u0301sente avec une certaine malice. Apre\u0300s avoir expe\u0301rimente\u0301 les principaux courants de la peinture franc\u0327aise des XIXe et XXe sie\u0300cles, allant de l\u2019impressionnisme au fauvisme, il finit par de\u0301velopper son propre style singulier et inimitable de dessin aquarelle\u0301 a\u0300 la plume, auquel s\u2019ajoutent des peintures a\u0300 l\u2019huile en relief re\u0301alise\u0301es selon un \u00abfil rouge\u00bb. L\u2019artiste laissera a\u0300 la poste\u0301rite\u0301 un nombre impressionnant d\u2019\u0153uvres a\u0300 travers le monde dont 600 repre\u0301sentent la capitale, compile\u0301es dans un ouvrage compose\u0301 de plusieurs volumes appele\u0301 \u00abPeintures du Paris d\u2019Akagi\u00bb. Certaines \u0153uvres ont de\u0301ja\u0300 rejoint de prestigieuses collections comme celles du muse\u0301e \u00abCarnavalet\u00bb a\u0300 Paris, de nombreuses institutions japonaises telles que le \u00abUeno Royal Museum\u00bb a\u0300 Tokyo. Ses \u0153uvres sont e\u0301galement pre\u0301sentes dans les collections de l\u2019Ambassade du Japon, de la Bibliothe\u0300que du Trocade\u0301ro ou encore de l\u2019Universite\u0301 d\u2019Okayama. Une tre\u0300s belle pie\u0300ce a\u0300 l\u2019huile, la fac\u0327ade de Notre-Dame, se trouve au Muse\u0301e de Vatican. Cette liste est loin d\u2019e\u0302tre comple\u0300te. Artiste mondialement reconnu, il a rec\u0327u de nombreuses distinctions telles que la Me\u0301daille d\u2019or au Salon des artistes franc\u0327ais, le Prix Puvis de Chavanne au Salon national des Beaux-Arts, en France, l\u2019Ordre du Soleil levant au Japon, jusqu\u2019a\u0300 sa nomination de Chevalier de l\u2019Ordre des Arts et des Lettres. M. Kojiro Akagi a le\u0301gue\u0301 l\u2019ensemble de ses \u0153uvres au Fonds de Dotation Kojiro Akagi qui a pour missions de pre\u0301server son patrimoine artistique, de le faire connai\u0302tre a\u0300 travers des manifestations et expositions et de soutenir les cre\u0301ateurs s\u2019inspirant de la ville de Paris ainsi que la jeune ge\u0301ne\u0301ration artistique japonaise par le versement de bourses, Cet infatigable \u00abartiste dessinateur-peintre aux lignes rouges ou blanches\u00bb a servi l\u2019image de Paris et su mettre en valeur cette ville qu\u2019il che\u0301rissait tant. Anne-Charlotte Me\u0301noret, Vice-Pre\u0301sidente du Salon des Inde\u0301pendants et Jean-Luc Masson, Pre\u0301sident du Fonds de dotation Kojiro Akagi &nbsp; &nbsp; &nbsp; &nbsp; Le Salon des ind\u00e9pendants est une exposition d&rsquo;art qui se tient chaque ann\u00e9e \u00e0 Paris depuis 1884, et qui a pour vocation de r\u00e9unir les \u0153uvres de tous les artistes revendiquant une certaine ind\u00e9pendance dans leur art. Plusieurs centaines d&rsquo;artistes y participent, dont Georges Seurat, Charles Angrand, Odilon Redon, Henri-Edmond Cross, Paul Signac, mais aussi de nombreux peintres m\u00e9diocres : \u00ab Les navets, ainsi qu&rsquo;il est normal, y abondaient, comme en tous les salons de quelque couleur qu&rsquo;ils soient3. \u00bb La gestion erratique de la caisse mit un terme \u00e0 ce premier Salon qui fut liquid\u00e9 financi\u00e8rement. Une quarantaine d&rsquo;artistes vont alors se r\u00e9unir sous la pr\u00e9sidence d&rsquo;Odilon Redon et tiennent une premi\u00e8re assembl\u00e9e le 31 mai dans la salle Montesquieu, au 5 de la rue \u00e9ponyme, dans un Bouillon Duval, afin de cr\u00e9er une nouvelle soci\u00e9t\u00e9, plus viable. Parmi les membres fondateurs, on peut citer Redon et Dubois-Pillet, premiers vice-pr\u00e9sidents, Seurat, Signac, Cross, Marie-Edmond H\u00f6ner et Angrand4. (extrait de wikipedia.org &#8211; https:\/\/fr.wikipedia.org\/wiki\/Salon_des_ind%C3%A9pendants &nbsp; Le vernissage (sur invitation) se d\u00e9roulera le mardi 18 f\u00e9vrier 2025 de 15h00 \u00e0 22h00. Merci de confirmer votre pr\u00e9sence (dans la limite des places disponibles) &#8211;&gt; https:\/\/www.kojiroakagi.com\/kojiroakagi_wp\/laissez-nous-vos-coordonnees\/ Exposition\u00a0du mercredi 19 au samedi 22 f\u00e9vrier 2025\u00a0 Mercredi 19 f\u00e9vrier de 11 heures \u00e0 20 heures Jeudi 20 f\u00e9vrier de 11 heures \u00e0 20 heures Vendredi 21 f\u00e9vrier de 11 heures \u00e0 22 heures Samedi 22 f\u00e9vrier de 10 heures \u00e0 18 heures https:\/\/salondesindependants.fr\/ https:\/\/www.instagram.com\/artistesindep\/ https:\/\/www.instagram.com\/salondesindependants ART CAPITAL revient au Grand Palais ! \u00c9DITO &#8211; \u00c9dition 2025 de ART CAPITAL \u00e0 Paris &#8211; \u00a0https:\/\/artcapital.fr\/fr De retour au Grand Palais, o\u00f9 les expositions universelles avaient lieu, ART CAPITAL vous redonne rendez-vous pour la grande exposition artistique annuelle au c\u0153ur de Paris. Du 19 au 22 f\u00e9vrier 2025, plus de 2000 artistes pr\u00e9sentent leurs \u0153uvres au Grand Palais, \u00e0 Paris ART CAPITAL est n\u00e9 en 2006 de la volont\u00e9 des Salons dits \u00ab Historiques du Grand Palais \u00bb et d&rsquo;artistes d&rsquo;horizons divers de jouer de leurs diff\u00e9rences, d&rsquo;unir leur force pour cr\u00e9er un \u00e9v\u00e9nement f\u00e9d\u00e9rateur et nouveau. Dans la tradition historique des salons artistiques, 4 Salons r\u00e9unis depuis 15 ans dans ART CAPITAL permettent d&rsquo;exposer des artistes \u00e9mergeants ou confirm\u00e9s. Venez nombreux rencontrer les \u0153uvres et les artistes, et nous montrer votre attachement pour un Art direct hors des circuits commerciaux. UN PARCOURS UNIQUE DANS L&rsquo;ART VIVANT D&rsquo;AUJOURD&rsquo;HUI. https:\/\/artcapital.fr\/fr https:\/\/www.instagram.com\/artcapitalparis\/?hl=fr #Kojiro Akagi\u3000#\u8d64\u6728 \u66e0\u5150\u90ce #artcapital #artcapital2025 #artistes #grandpalais<\/p>\n","protected":false},"author":1,"featured_media":0,"comment_status":"open","ping_status":"open","sticky":false,"template":"","format":"standard","meta":{"footnotes":""},"categories":[368],"tags":[9,385,6,93,116,386,13],"class_list":["post-1028","post","type-post","status-publish","format-standard","hentry","category-evenements","tag-akagi","tag-art-capital","tag-kojiro-akagi","tag-lignes-rouges","tag-paris-2","tag-salon-des-independants","tag-13"],"yoast_head":"<!-- This site is optimized with the Yoast SEO plugin v27.5 - https:\/\/yoast.com\/product\/yoast-seo-wordpress\/ -->\n<title>Kojiro AKAGI de retour au Grand Palais pour l&#039;\u00e9dition d&#039;ART CAPITAL 2025 ! - Fonds de Dotation Kojiro AKAGI<\/title>\n<meta name=\"robots\" content=\"index, follow, max-snippet:-1, max-image-preview:large, max-video-preview:-1\" \/>\n<link rel=\"canonical\" href=\"https:\/\/www.kojiroakagi.com\/kojiroakagi_wp\/kojiro-akagi-de-retour-au-grand-palais\/\" \/>\n<meta property=\"og:locale\" content=\"fr_FR\" \/>\n<meta property=\"og:type\" content=\"article\" \/>\n<meta property=\"og:title\" content=\"Kojiro AKAGI de retour au Grand Palais pour l&#039;\u00e9dition d&#039;ART CAPITAL 2025 ! - Fonds de Dotation Kojiro AKAGI\" \/>\n<meta property=\"og:description\" content=\"ART CAPITAL 2025 Salon des Ind\u00e9pendants Hommage \u00e0 Kojiro AKAGI, le plus parisien des peintres japonais 4 ans apr\u00e8s son d\u00e9c\u00e8s, vous retrouverez au Salon des Ind\u00e9pendants un espace d\u00e9di\u00e9 \u00e0 Kojiro AKAGI qui sublimera Paris avec plus 10 grandes huiles aux filets rouge, dessins, lithographies, effets personnels et photographies retra\u00e7ant sa vie, son oeuvre. Dossier de presse : https:\/\/www.kojiroakagi.com\/kojiroakagi_wp\/wp-content\/uploads\/2025\/04\/AKAGI-Le-Salon-des-Independants-exposition-vente-du-18-au-22-fevrier-2025.pdf Exposition du mercredi 19 au samedi 22 f\u00e9vrier 2025 Vos dons et acquisitions nous sont pr\u00e9cieux pour pr\u00e9server le patrimoine de l&#039;artiste, stocker ses oeuvres dans le but de cr\u00e9er un mus\u00e9e personnel de l&#039;artiste. En 2025, nous comptons \u00e0 nouveau sur vous : faire un don sur https:\/\/www.helloasso.com\/associations\/fonds-de-dotation-kojiro-akagi\/formulaires\/1\u00a0 Pour vous remercier, vous recevrez une d\u00e9duction fiscale et \u00e0 partir de 500 euros, une lithographie originale sign\u00e9e par l&#039;artiste. Kojiro AKAGI est ne\u0301 le 3 janvier 1934 a\u0300 Okayama, au Japon. Il s\u2019installe a\u0300 Paris en 1963 et inte\u0300gre l\u2019E\u0301cole Nationale Supe\u0301rieure des Beaux-Arts. Devenu sans conteste le plus parisien des artistes japonais, il a peint continuellement Paris avec passion jusqu\u2019a\u0300 son dernier souffle. Il commence a\u0300 exposer dans le cadre du salon des \u00abArtistes Inde\u0301pendants\u00bb de\u0300s 1964. En 2002, une re\u0301trospective consacre\u0301e a\u0300 cet e\u0301minent artiste s\u2019est tenue au Salon des Inde\u0301pendants a\u0300 l\u2019Espace Auteuil de Paris. Il nous a quitte\u0301 le 15 fe\u0301vrier 2021 a\u0300 Okayama-Shi, dans sa ville natale. M. Kojiro Akagi est imme\u0301diatement se\u0301duit par la capitale des Arts et commence a\u0300 travailler d\u2019apre\u0300s nature, installant son chevalet au gre\u0301 de ses promenades parisiennes. Rapidement, il surprend les passants par le choix de ses sujets, son sens de l\u2019observation et la minutie de son travail. En explorant avec de\u0301termination chaque quartier de la capitale et en repre\u0301sentant avec une grande pre\u0301cision la ville sous ses multiples facettes, tout en s\u2019inte\u0301ressant a\u0300 la me\u0301moire de chacun de ses lieux, il est devenu un expert avise\u0301 de l\u2019histoire de \u00absa\u00bb ville d\u2019adoption, Paris. Infatigable artiste au style singulier et inimitable Puis, il enrichit sa production artistique en explorant des nus, des objets collecte\u0301s au cours de ses promenades, ainsi que des portraits de personnalite\u0301s connues et d\u2019anonymes qu\u2019il repre\u0301sente avec une certaine malice. Apre\u0300s avoir expe\u0301rimente\u0301 les principaux courants de la peinture franc\u0327aise des XIXe et XXe sie\u0300cles, allant de l\u2019impressionnisme au fauvisme, il finit par de\u0301velopper son propre style singulier et inimitable de dessin aquarelle\u0301 a\u0300 la plume, auquel s\u2019ajoutent des peintures a\u0300 l\u2019huile en relief re\u0301alise\u0301es selon un \u00abfil rouge\u00bb. L\u2019artiste laissera a\u0300 la poste\u0301rite\u0301 un nombre impressionnant d\u2019\u0153uvres a\u0300 travers le monde dont 600 repre\u0301sentent la capitale, compile\u0301es dans un ouvrage compose\u0301 de plusieurs volumes appele\u0301 \u00abPeintures du Paris d\u2019Akagi\u00bb. Certaines \u0153uvres ont de\u0301ja\u0300 rejoint de prestigieuses collections comme celles du muse\u0301e \u00abCarnavalet\u00bb a\u0300 Paris, de nombreuses institutions japonaises telles que le \u00abUeno Royal Museum\u00bb a\u0300 Tokyo. Ses \u0153uvres sont e\u0301galement pre\u0301sentes dans les collections de l\u2019Ambassade du Japon, de la Bibliothe\u0300que du Trocade\u0301ro ou encore de l\u2019Universite\u0301 d\u2019Okayama. Une tre\u0300s belle pie\u0300ce a\u0300 l\u2019huile, la fac\u0327ade de Notre-Dame, se trouve au Muse\u0301e de Vatican. Cette liste est loin d\u2019e\u0302tre comple\u0300te. Artiste mondialement reconnu, il a rec\u0327u de nombreuses distinctions telles que la Me\u0301daille d\u2019or au Salon des artistes franc\u0327ais, le Prix Puvis de Chavanne au Salon national des Beaux-Arts, en France, l\u2019Ordre du Soleil levant au Japon, jusqu\u2019a\u0300 sa nomination de Chevalier de l\u2019Ordre des Arts et des Lettres. M. Kojiro Akagi a le\u0301gue\u0301 l\u2019ensemble de ses \u0153uvres au Fonds de Dotation Kojiro Akagi qui a pour missions de pre\u0301server son patrimoine artistique, de le faire connai\u0302tre a\u0300 travers des manifestations et expositions et de soutenir les cre\u0301ateurs s\u2019inspirant de la ville de Paris ainsi que la jeune ge\u0301ne\u0301ration artistique japonaise par le versement de bourses, Cet infatigable \u00abartiste dessinateur-peintre aux lignes rouges ou blanches\u00bb a servi l\u2019image de Paris et su mettre en valeur cette ville qu\u2019il che\u0301rissait tant. Anne-Charlotte Me\u0301noret, Vice-Pre\u0301sidente du Salon des Inde\u0301pendants et Jean-Luc Masson, Pre\u0301sident du Fonds de dotation Kojiro Akagi &nbsp; &nbsp; &nbsp; &nbsp; Le Salon des ind\u00e9pendants est une exposition d&rsquo;art qui se tient chaque ann\u00e9e \u00e0 Paris depuis 1884, et qui a pour vocation de r\u00e9unir les \u0153uvres de tous les artistes revendiquant une certaine ind\u00e9pendance dans leur art. Plusieurs centaines d&rsquo;artistes y participent, dont Georges Seurat, Charles Angrand, Odilon Redon, Henri-Edmond Cross, Paul Signac, mais aussi de nombreux peintres m\u00e9diocres : \u00ab Les navets, ainsi qu&rsquo;il est normal, y abondaient, comme en tous les salons de quelque couleur qu&rsquo;ils soient3. \u00bb La gestion erratique de la caisse mit un terme \u00e0 ce premier Salon qui fut liquid\u00e9 financi\u00e8rement. Une quarantaine d&rsquo;artistes vont alors se r\u00e9unir sous la pr\u00e9sidence d&rsquo;Odilon Redon et tiennent une premi\u00e8re assembl\u00e9e le 31 mai dans la salle Montesquieu, au 5 de la rue \u00e9ponyme, dans un Bouillon Duval, afin de cr\u00e9er une nouvelle soci\u00e9t\u00e9, plus viable. Parmi les membres fondateurs, on peut citer Redon et Dubois-Pillet, premiers vice-pr\u00e9sidents, Seurat, Signac, Cross, Marie-Edmond H\u00f6ner et Angrand4. (extrait de wikipedia.org &#8211; https:\/\/fr.wikipedia.org\/wiki\/Salon_des_ind%C3%A9pendants &nbsp; Le vernissage (sur invitation) se d\u00e9roulera le mardi 18 f\u00e9vrier 2025 de 15h00 \u00e0 22h00. Merci de confirmer votre pr\u00e9sence (dans la limite des places disponibles) &#8211;&gt; https:\/\/www.kojiroakagi.com\/kojiroakagi_wp\/laissez-nous-vos-coordonnees\/ Exposition\u00a0du mercredi 19 au samedi 22 f\u00e9vrier 2025\u00a0 Mercredi 19 f\u00e9vrier de 11 heures \u00e0 20 heures Jeudi 20 f\u00e9vrier de 11 heures \u00e0 20 heures Vendredi 21 f\u00e9vrier de 11 heures \u00e0 22 heures Samedi 22 f\u00e9vrier de 10 heures \u00e0 18 heures https:\/\/salondesindependants.fr\/ https:\/\/www.instagram.com\/artistesindep\/ https:\/\/www.instagram.com\/salondesindependants ART CAPITAL revient au Grand Palais ! \u00c9DITO &#8211; \u00c9dition 2025 de ART CAPITAL \u00e0 Paris &#8211; \u00a0https:\/\/artcapital.fr\/fr De retour au Grand Palais, o\u00f9 les expositions universelles avaient lieu, ART CAPITAL vous redonne rendez-vous pour la grande exposition artistique annuelle au c\u0153ur de Paris. Du 19 au 22 f\u00e9vrier 2025, plus de 2000 artistes pr\u00e9sentent leurs \u0153uvres au Grand Palais, \u00e0 Paris ART CAPITAL est n\u00e9 en 2006 de la volont\u00e9 des Salons dits \u00ab Historiques du Grand Palais \u00bb et d&rsquo;artistes d&rsquo;horizons divers de jouer de leurs diff\u00e9rences, d&rsquo;unir leur force pour cr\u00e9er un \u00e9v\u00e9nement f\u00e9d\u00e9rateur et nouveau. Dans la tradition historique des salons artistiques, 4 Salons r\u00e9unis depuis 15 ans dans ART CAPITAL permettent d&rsquo;exposer des artistes \u00e9mergeants ou confirm\u00e9s. Venez nombreux rencontrer les \u0153uvres et les artistes, et nous montrer votre attachement pour un Art direct hors des circuits commerciaux. UN PARCOURS UNIQUE DANS L&rsquo;ART VIVANT D&rsquo;AUJOURD&rsquo;HUI. https:\/\/artcapital.fr\/fr https:\/\/www.instagram.com\/artcapitalparis\/?hl=fr #Kojiro Akagi\u3000#\u8d64\u6728 \u66e0\u5150\u90ce #artcapital #artcapital2025 #artistes #grandpalais\" \/>\n<meta property=\"og:url\" content=\"https:\/\/www.kojiroakagi.com\/kojiroakagi_wp\/kojiro-akagi-de-retour-au-grand-palais\/\" \/>\n<meta property=\"og:site_name\" content=\"Fonds de Dotation Kojiro AKAGI\" \/>\n<meta property=\"article:publisher\" content=\"https:\/\/www.facebook.com\/AKAGIKojiro\/?locale=fr_FR\" \/>\n<meta property=\"article:published_time\" content=\"2025-01-13T17:14:50+00:00\" \/>\n<meta property=\"article:modified_time\" content=\"2025-04-05T11:58:31+00:00\" \/>\n<meta property=\"og:image\" content=\"https:\/\/www.kojiroakagi.com\/kojiroakagi_wp\/wp-content\/uploads\/2025\/01\/P71-04-Kojiro-AKAGI-Cote-Grand-Palais-pour-internet-1024.jpg\" \/>\n\t<meta property=\"og:image:width\" content=\"759\" \/>\n\t<meta property=\"og:image:height\" content=\"1024\" \/>\n\t<meta property=\"og:image:type\" content=\"image\/jpeg\" \/>\n<meta name=\"author\" content=\"KojiroMAX\" \/>\n<meta name=\"twitter:card\" content=\"summary_large_image\" \/>\n<meta name=\"twitter:label1\" content=\"\u00c9crit par\" \/>\n\t<meta name=\"twitter:data1\" content=\"KojiroMAX\" \/>\n\t<meta name=\"twitter:label2\" content=\"Dur\u00e9e de lecture estim\u00e9e\" \/>\n\t<meta name=\"twitter:data2\" content=\"6 minutes\" \/>\n<script type=\"application\/ld+json\" class=\"yoast-schema-graph\">{\"@context\":\"https:\\\/\\\/schema.org\",\"@graph\":[{\"@type\":\"Article\",\"@id\":\"https:\\\/\\\/www.kojiroakagi.com\\\/kojiroakagi_wp\\\/kojiro-akagi-de-retour-au-grand-palais\\\/#article\",\"isPartOf\":{\"@id\":\"https:\\\/\\\/www.kojiroakagi.com\\\/kojiroakagi_wp\\\/kojiro-akagi-de-retour-au-grand-palais\\\/\"},\"author\":{\"name\":\"KojiroMAX\",\"@id\":\"https:\\\/\\\/www.kojiroakagi.com\\\/kojiroakagi_wp\\\/#\\\/schema\\\/person\\\/60b24ac99a9f4d1375fea53829535024\"},\"headline\":\"Kojiro AKAGI de retour au Grand Palais pour l&rsquo;\u00e9dition d&rsquo;ART CAPITAL 2025 !\",\"datePublished\":\"2025-01-13T17:14:50+00:00\",\"dateModified\":\"2025-04-05T11:58:31+00:00\",\"mainEntityOfPage\":{\"@id\":\"https:\\\/\\\/www.kojiroakagi.com\\\/kojiroakagi_wp\\\/kojiro-akagi-de-retour-au-grand-palais\\\/\"},\"wordCount\":1153,\"commentCount\":0,\"publisher\":{\"@id\":\"https:\\\/\\\/www.kojiroakagi.com\\\/kojiroakagi_wp\\\/#organization\"},\"image\":{\"@id\":\"https:\\\/\\\/www.kojiroakagi.com\\\/kojiroakagi_wp\\\/kojiro-akagi-de-retour-au-grand-palais\\\/#primaryimage\"},\"thumbnailUrl\":\"https:\\\/\\\/www.kojiroakagi.com\\\/kojiroakagi_wp\\\/wp-content\\\/uploads\\\/2025\\\/01\\\/P71-04-Kojiro-AKAGI-Cote-Grand-Palais-pour-internet-1024-222x300.jpg\",\"keywords\":[\"AKAGI\",\"ART CAPITAL\",\"Kojiro Akagi\",\"lignes rouges\",\"Paris\",\"Salon des Ind\u00e9pendants\",\"\u8d64\u6728 \u66e0\u5150\u90ce\"],\"articleSection\":[\"D1.2 Ev\u00e9nements pass\u00e9s\"],\"inLanguage\":\"fr-FR\",\"potentialAction\":[{\"@type\":\"CommentAction\",\"name\":\"Comment\",\"target\":[\"https:\\\/\\\/www.kojiroakagi.com\\\/kojiroakagi_wp\\\/kojiro-akagi-de-retour-au-grand-palais\\\/#respond\"]}]},{\"@type\":\"WebPage\",\"@id\":\"https:\\\/\\\/www.kojiroakagi.com\\\/kojiroakagi_wp\\\/kojiro-akagi-de-retour-au-grand-palais\\\/\",\"url\":\"https:\\\/\\\/www.kojiroakagi.com\\\/kojiroakagi_wp\\\/kojiro-akagi-de-retour-au-grand-palais\\\/\",\"name\":\"Kojiro AKAGI de retour au Grand Palais pour l'\u00e9dition d'ART CAPITAL 2025 ! - Fonds de Dotation Kojiro AKAGI\",\"isPartOf\":{\"@id\":\"https:\\\/\\\/www.kojiroakagi.com\\\/kojiroakagi_wp\\\/#website\"},\"primaryImageOfPage\":{\"@id\":\"https:\\\/\\\/www.kojiroakagi.com\\\/kojiroakagi_wp\\\/kojiro-akagi-de-retour-au-grand-palais\\\/#primaryimage\"},\"image\":{\"@id\":\"https:\\\/\\\/www.kojiroakagi.com\\\/kojiroakagi_wp\\\/kojiro-akagi-de-retour-au-grand-palais\\\/#primaryimage\"},\"thumbnailUrl\":\"https:\\\/\\\/www.kojiroakagi.com\\\/kojiroakagi_wp\\\/wp-content\\\/uploads\\\/2025\\\/01\\\/P71-04-Kojiro-AKAGI-Cote-Grand-Palais-pour-internet-1024-222x300.jpg\",\"datePublished\":\"2025-01-13T17:14:50+00:00\",\"dateModified\":\"2025-04-05T11:58:31+00:00\",\"breadcrumb\":{\"@id\":\"https:\\\/\\\/www.kojiroakagi.com\\\/kojiroakagi_wp\\\/kojiro-akagi-de-retour-au-grand-palais\\\/#breadcrumb\"},\"inLanguage\":\"fr-FR\",\"potentialAction\":[{\"@type\":\"ReadAction\",\"target\":[\"https:\\\/\\\/www.kojiroakagi.com\\\/kojiroakagi_wp\\\/kojiro-akagi-de-retour-au-grand-palais\\\/\"]}]},{\"@type\":\"ImageObject\",\"inLanguage\":\"fr-FR\",\"@id\":\"https:\\\/\\\/www.kojiroakagi.com\\\/kojiroakagi_wp\\\/kojiro-akagi-de-retour-au-grand-palais\\\/#primaryimage\",\"url\":\"https:\\\/\\\/www.kojiroakagi.com\\\/kojiroakagi_wp\\\/wp-content\\\/uploads\\\/2025\\\/01\\\/P71-04-Kojiro-AKAGI-Cote-Grand-Palais-pour-internet-1024.jpg\",\"contentUrl\":\"https:\\\/\\\/www.kojiroakagi.com\\\/kojiroakagi_wp\\\/wp-content\\\/uploads\\\/2025\\\/01\\\/P71-04-Kojiro-AKAGI-Cote-Grand-Palais-pour-internet-1024.jpg\",\"width\":759,\"height\":1024},{\"@type\":\"BreadcrumbList\",\"@id\":\"https:\\\/\\\/www.kojiroakagi.com\\\/kojiroakagi_wp\\\/kojiro-akagi-de-retour-au-grand-palais\\\/#breadcrumb\",\"itemListElement\":[{\"@type\":\"ListItem\",\"position\":1,\"name\":\"Accueil\",\"item\":\"https:\\\/\\\/www.kojiroakagi.com\\\/kojiroakagi_wp\\\/\"},{\"@type\":\"ListItem\",\"position\":2,\"name\":\"Kojiro AKAGI de retour au Grand Palais pour l&rsquo;\u00e9dition d&rsquo;ART CAPITAL 2025 !\"}]},{\"@type\":\"WebSite\",\"@id\":\"https:\\\/\\\/www.kojiroakagi.com\\\/kojiroakagi_wp\\\/#website\",\"url\":\"https:\\\/\\\/www.kojiroakagi.com\\\/kojiroakagi_wp\\\/\",\"name\":\"Fonds de Dotation Kojiro AKAGI\",\"description\":\"Le plus parisien des peintres japonais\",\"publisher\":{\"@id\":\"https:\\\/\\\/www.kojiroakagi.com\\\/kojiroakagi_wp\\\/#organization\"},\"potentialAction\":[{\"@type\":\"SearchAction\",\"target\":{\"@type\":\"EntryPoint\",\"urlTemplate\":\"https:\\\/\\\/www.kojiroakagi.com\\\/kojiroakagi_wp\\\/?s={search_term_string}\"},\"query-input\":{\"@type\":\"PropertyValueSpecification\",\"valueRequired\":true,\"valueName\":\"search_term_string\"}}],\"inLanguage\":\"fr-FR\"},{\"@type\":\"Organization\",\"@id\":\"https:\\\/\\\/www.kojiroakagi.com\\\/kojiroakagi_wp\\\/#organization\",\"name\":\"Fonds de Dotation Kojiro AKAGI\",\"url\":\"https:\\\/\\\/www.kojiroakagi.com\\\/kojiroakagi_wp\\\/\",\"logo\":{\"@type\":\"ImageObject\",\"inLanguage\":\"fr-FR\",\"@id\":\"https:\\\/\\\/www.kojiroakagi.com\\\/kojiroakagi_wp\\\/#\\\/schema\\\/logo\\\/image\\\/\",\"url\":\"https:\\\/\\\/www.kojiroakagi.com\\\/kojiroakagi_wp\\\/wp-content\\\/uploads\\\/2023\\\/09\\\/cropped-8e84c50b879d24d8f2289ced01263d2c-1-PhotoRoom.png-PhotoRoom.png\",\"contentUrl\":\"https:\\\/\\\/www.kojiroakagi.com\\\/kojiroakagi_wp\\\/wp-content\\\/uploads\\\/2023\\\/09\\\/cropped-8e84c50b879d24d8f2289ced01263d2c-1-PhotoRoom.png-PhotoRoom.png\",\"width\":788,\"height\":315,\"caption\":\"Fonds de Dotation Kojiro AKAGI\"},\"image\":{\"@id\":\"https:\\\/\\\/www.kojiroakagi.com\\\/kojiroakagi_wp\\\/#\\\/schema\\\/logo\\\/image\\\/\"},\"sameAs\":[\"https:\\\/\\\/www.facebook.com\\\/AKAGIKojiro\\\/?locale=fr_FR\",\"https:\\\/\\\/www.instagram.com\\\/fondskojiroakagi\\\/?locale=ne_NP&hl=ar\"]},{\"@type\":\"Person\",\"@id\":\"https:\\\/\\\/www.kojiroakagi.com\\\/kojiroakagi_wp\\\/#\\\/schema\\\/person\\\/60b24ac99a9f4d1375fea53829535024\",\"name\":\"KojiroMAX\",\"image\":{\"@type\":\"ImageObject\",\"inLanguage\":\"fr-FR\",\"@id\":\"https:\\\/\\\/secure.gravatar.com\\\/avatar\\\/d51c3285c811844f54410ca23c3c4bbdc314fcb431879dd4fe4122044f72c27c?s=96&d=mm&r=g\",\"url\":\"https:\\\/\\\/secure.gravatar.com\\\/avatar\\\/d51c3285c811844f54410ca23c3c4bbdc314fcb431879dd4fe4122044f72c27c?s=96&d=mm&r=g\",\"contentUrl\":\"https:\\\/\\\/secure.gravatar.com\\\/avatar\\\/d51c3285c811844f54410ca23c3c4bbdc314fcb431879dd4fe4122044f72c27c?s=96&d=mm&r=g\",\"caption\":\"KojiroMAX\"},\"sameAs\":[\"http:\\\/\\\/www.kojiroakagi.com\\\/kojiroakagi_wp\"],\"url\":\"https:\\\/\\\/www.kojiroakagi.com\\\/kojiroakagi_wp\\\/author\\\/kojiromax\\\/\"}]}<\/script>\n<!-- \/ Yoast SEO plugin. -->","yoast_head_json":{"title":"Kojiro AKAGI de retour au Grand Palais pour l'\u00e9dition d'ART CAPITAL 2025 ! - Fonds de Dotation Kojiro AKAGI","robots":{"index":"index","follow":"follow","max-snippet":"max-snippet:-1","max-image-preview":"max-image-preview:large","max-video-preview":"max-video-preview:-1"},"canonical":"https:\/\/www.kojiroakagi.com\/kojiroakagi_wp\/kojiro-akagi-de-retour-au-grand-palais\/","og_locale":"fr_FR","og_type":"article","og_title":"Kojiro AKAGI de retour au Grand Palais pour l'\u00e9dition d'ART CAPITAL 2025 ! - Fonds de Dotation Kojiro AKAGI","og_description":"ART CAPITAL 2025 Salon des Ind\u00e9pendants Hommage \u00e0 Kojiro AKAGI, le plus parisien des peintres japonais 4 ans apr\u00e8s son d\u00e9c\u00e8s, vous retrouverez au Salon des Ind\u00e9pendants un espace d\u00e9di\u00e9 \u00e0 Kojiro AKAGI qui sublimera Paris avec plus 10 grandes huiles aux filets rouge, dessins, lithographies, effets personnels et photographies retra\u00e7ant sa vie, son oeuvre. Dossier de presse : https:\/\/www.kojiroakagi.com\/kojiroakagi_wp\/wp-content\/uploads\/2025\/04\/AKAGI-Le-Salon-des-Independants-exposition-vente-du-18-au-22-fevrier-2025.pdf Exposition du mercredi 19 au samedi 22 f\u00e9vrier 2025 Vos dons et acquisitions nous sont pr\u00e9cieux pour pr\u00e9server le patrimoine de l'artiste, stocker ses oeuvres dans le but de cr\u00e9er un mus\u00e9e personnel de l'artiste. En 2025, nous comptons \u00e0 nouveau sur vous : faire un don sur https:\/\/www.helloasso.com\/associations\/fonds-de-dotation-kojiro-akagi\/formulaires\/1\u00a0 Pour vous remercier, vous recevrez une d\u00e9duction fiscale et \u00e0 partir de 500 euros, une lithographie originale sign\u00e9e par l'artiste. Kojiro AKAGI est ne\u0301 le 3 janvier 1934 a\u0300 Okayama, au Japon. Il s\u2019installe a\u0300 Paris en 1963 et inte\u0300gre l\u2019E\u0301cole Nationale Supe\u0301rieure des Beaux-Arts. Devenu sans conteste le plus parisien des artistes japonais, il a peint continuellement Paris avec passion jusqu\u2019a\u0300 son dernier souffle. Il commence a\u0300 exposer dans le cadre du salon des \u00abArtistes Inde\u0301pendants\u00bb de\u0300s 1964. En 2002, une re\u0301trospective consacre\u0301e a\u0300 cet e\u0301minent artiste s\u2019est tenue au Salon des Inde\u0301pendants a\u0300 l\u2019Espace Auteuil de Paris. Il nous a quitte\u0301 le 15 fe\u0301vrier 2021 a\u0300 Okayama-Shi, dans sa ville natale. M. Kojiro Akagi est imme\u0301diatement se\u0301duit par la capitale des Arts et commence a\u0300 travailler d\u2019apre\u0300s nature, installant son chevalet au gre\u0301 de ses promenades parisiennes. Rapidement, il surprend les passants par le choix de ses sujets, son sens de l\u2019observation et la minutie de son travail. En explorant avec de\u0301termination chaque quartier de la capitale et en repre\u0301sentant avec une grande pre\u0301cision la ville sous ses multiples facettes, tout en s\u2019inte\u0301ressant a\u0300 la me\u0301moire de chacun de ses lieux, il est devenu un expert avise\u0301 de l\u2019histoire de \u00absa\u00bb ville d\u2019adoption, Paris. Infatigable artiste au style singulier et inimitable Puis, il enrichit sa production artistique en explorant des nus, des objets collecte\u0301s au cours de ses promenades, ainsi que des portraits de personnalite\u0301s connues et d\u2019anonymes qu\u2019il repre\u0301sente avec une certaine malice. Apre\u0300s avoir expe\u0301rimente\u0301 les principaux courants de la peinture franc\u0327aise des XIXe et XXe sie\u0300cles, allant de l\u2019impressionnisme au fauvisme, il finit par de\u0301velopper son propre style singulier et inimitable de dessin aquarelle\u0301 a\u0300 la plume, auquel s\u2019ajoutent des peintures a\u0300 l\u2019huile en relief re\u0301alise\u0301es selon un \u00abfil rouge\u00bb. L\u2019artiste laissera a\u0300 la poste\u0301rite\u0301 un nombre impressionnant d\u2019\u0153uvres a\u0300 travers le monde dont 600 repre\u0301sentent la capitale, compile\u0301es dans un ouvrage compose\u0301 de plusieurs volumes appele\u0301 \u00abPeintures du Paris d\u2019Akagi\u00bb. Certaines \u0153uvres ont de\u0301ja\u0300 rejoint de prestigieuses collections comme celles du muse\u0301e \u00abCarnavalet\u00bb a\u0300 Paris, de nombreuses institutions japonaises telles que le \u00abUeno Royal Museum\u00bb a\u0300 Tokyo. Ses \u0153uvres sont e\u0301galement pre\u0301sentes dans les collections de l\u2019Ambassade du Japon, de la Bibliothe\u0300que du Trocade\u0301ro ou encore de l\u2019Universite\u0301 d\u2019Okayama. Une tre\u0300s belle pie\u0300ce a\u0300 l\u2019huile, la fac\u0327ade de Notre-Dame, se trouve au Muse\u0301e de Vatican. Cette liste est loin d\u2019e\u0302tre comple\u0300te. Artiste mondialement reconnu, il a rec\u0327u de nombreuses distinctions telles que la Me\u0301daille d\u2019or au Salon des artistes franc\u0327ais, le Prix Puvis de Chavanne au Salon national des Beaux-Arts, en France, l\u2019Ordre du Soleil levant au Japon, jusqu\u2019a\u0300 sa nomination de Chevalier de l\u2019Ordre des Arts et des Lettres. M. Kojiro Akagi a le\u0301gue\u0301 l\u2019ensemble de ses \u0153uvres au Fonds de Dotation Kojiro Akagi qui a pour missions de pre\u0301server son patrimoine artistique, de le faire connai\u0302tre a\u0300 travers des manifestations et expositions et de soutenir les cre\u0301ateurs s\u2019inspirant de la ville de Paris ainsi que la jeune ge\u0301ne\u0301ration artistique japonaise par le versement de bourses, Cet infatigable \u00abartiste dessinateur-peintre aux lignes rouges ou blanches\u00bb a servi l\u2019image de Paris et su mettre en valeur cette ville qu\u2019il che\u0301rissait tant. Anne-Charlotte Me\u0301noret, Vice-Pre\u0301sidente du Salon des Inde\u0301pendants et Jean-Luc Masson, Pre\u0301sident du Fonds de dotation Kojiro Akagi &nbsp; &nbsp; &nbsp; &nbsp; Le Salon des ind\u00e9pendants est une exposition d&rsquo;art qui se tient chaque ann\u00e9e \u00e0 Paris depuis 1884, et qui a pour vocation de r\u00e9unir les \u0153uvres de tous les artistes revendiquant une certaine ind\u00e9pendance dans leur art. Plusieurs centaines d&rsquo;artistes y participent, dont Georges Seurat, Charles Angrand, Odilon Redon, Henri-Edmond Cross, Paul Signac, mais aussi de nombreux peintres m\u00e9diocres : \u00ab Les navets, ainsi qu&rsquo;il est normal, y abondaient, comme en tous les salons de quelque couleur qu&rsquo;ils soient3. \u00bb La gestion erratique de la caisse mit un terme \u00e0 ce premier Salon qui fut liquid\u00e9 financi\u00e8rement. Une quarantaine d&rsquo;artistes vont alors se r\u00e9unir sous la pr\u00e9sidence d&rsquo;Odilon Redon et tiennent une premi\u00e8re assembl\u00e9e le 31 mai dans la salle Montesquieu, au 5 de la rue \u00e9ponyme, dans un Bouillon Duval, afin de cr\u00e9er une nouvelle soci\u00e9t\u00e9, plus viable. Parmi les membres fondateurs, on peut citer Redon et Dubois-Pillet, premiers vice-pr\u00e9sidents, Seurat, Signac, Cross, Marie-Edmond H\u00f6ner et Angrand4. (extrait de wikipedia.org &#8211; https:\/\/fr.wikipedia.org\/wiki\/Salon_des_ind%C3%A9pendants &nbsp; Le vernissage (sur invitation) se d\u00e9roulera le mardi 18 f\u00e9vrier 2025 de 15h00 \u00e0 22h00. Merci de confirmer votre pr\u00e9sence (dans la limite des places disponibles) &#8211;&gt; https:\/\/www.kojiroakagi.com\/kojiroakagi_wp\/laissez-nous-vos-coordonnees\/ Exposition\u00a0du mercredi 19 au samedi 22 f\u00e9vrier 2025\u00a0 Mercredi 19 f\u00e9vrier de 11 heures \u00e0 20 heures Jeudi 20 f\u00e9vrier de 11 heures \u00e0 20 heures Vendredi 21 f\u00e9vrier de 11 heures \u00e0 22 heures Samedi 22 f\u00e9vrier de 10 heures \u00e0 18 heures https:\/\/salondesindependants.fr\/ https:\/\/www.instagram.com\/artistesindep\/ https:\/\/www.instagram.com\/salondesindependants ART CAPITAL revient au Grand Palais ! \u00c9DITO &#8211; \u00c9dition 2025 de ART CAPITAL \u00e0 Paris &#8211; \u00a0https:\/\/artcapital.fr\/fr De retour au Grand Palais, o\u00f9 les expositions universelles avaient lieu, ART CAPITAL vous redonne rendez-vous pour la grande exposition artistique annuelle au c\u0153ur de Paris. Du 19 au 22 f\u00e9vrier 2025, plus de 2000 artistes pr\u00e9sentent leurs \u0153uvres au Grand Palais, \u00e0 Paris ART CAPITAL est n\u00e9 en 2006 de la volont\u00e9 des Salons dits \u00ab Historiques du Grand Palais \u00bb et d&rsquo;artistes d&rsquo;horizons divers de jouer de leurs diff\u00e9rences, d&rsquo;unir leur force pour cr\u00e9er un \u00e9v\u00e9nement f\u00e9d\u00e9rateur et nouveau. Dans la tradition historique des salons artistiques, 4 Salons r\u00e9unis depuis 15 ans dans ART CAPITAL permettent d&rsquo;exposer des artistes \u00e9mergeants ou confirm\u00e9s. Venez nombreux rencontrer les \u0153uvres et les artistes, et nous montrer votre attachement pour un Art direct hors des circuits commerciaux. UN PARCOURS UNIQUE DANS L&rsquo;ART VIVANT D&rsquo;AUJOURD&rsquo;HUI. https:\/\/artcapital.fr\/fr https:\/\/www.instagram.com\/artcapitalparis\/?hl=fr #Kojiro Akagi\u3000#\u8d64\u6728 \u66e0\u5150\u90ce #artcapital #artcapital2025 #artistes #grandpalais","og_url":"https:\/\/www.kojiroakagi.com\/kojiroakagi_wp\/kojiro-akagi-de-retour-au-grand-palais\/","og_site_name":"Fonds de Dotation Kojiro AKAGI","article_publisher":"https:\/\/www.facebook.com\/AKAGIKojiro\/?locale=fr_FR","article_published_time":"2025-01-13T17:14:50+00:00","article_modified_time":"2025-04-05T11:58:31+00:00","og_image":[{"width":759,"height":1024,"url":"https:\/\/www.kojiroakagi.com\/kojiroakagi_wp\/wp-content\/uploads\/2025\/01\/P71-04-Kojiro-AKAGI-Cote-Grand-Palais-pour-internet-1024.jpg","type":"image\/jpeg"}],"author":"KojiroMAX","twitter_card":"summary_large_image","twitter_misc":{"\u00c9crit par":"KojiroMAX","Dur\u00e9e de lecture estim\u00e9e":"6 minutes"},"schema":{"@context":"https:\/\/schema.org","@graph":[{"@type":"Article","@id":"https:\/\/www.kojiroakagi.com\/kojiroakagi_wp\/kojiro-akagi-de-retour-au-grand-palais\/#article","isPartOf":{"@id":"https:\/\/www.kojiroakagi.com\/kojiroakagi_wp\/kojiro-akagi-de-retour-au-grand-palais\/"},"author":{"name":"KojiroMAX","@id":"https:\/\/www.kojiroakagi.com\/kojiroakagi_wp\/#\/schema\/person\/60b24ac99a9f4d1375fea53829535024"},"headline":"Kojiro AKAGI de retour au Grand Palais pour l&rsquo;\u00e9dition d&rsquo;ART CAPITAL 2025 !","datePublished":"2025-01-13T17:14:50+00:00","dateModified":"2025-04-05T11:58:31+00:00","mainEntityOfPage":{"@id":"https:\/\/www.kojiroakagi.com\/kojiroakagi_wp\/kojiro-akagi-de-retour-au-grand-palais\/"},"wordCount":1153,"commentCount":0,"publisher":{"@id":"https:\/\/www.kojiroakagi.com\/kojiroakagi_wp\/#organization"},"image":{"@id":"https:\/\/www.kojiroakagi.com\/kojiroakagi_wp\/kojiro-akagi-de-retour-au-grand-palais\/#primaryimage"},"thumbnailUrl":"https:\/\/www.kojiroakagi.com\/kojiroakagi_wp\/wp-content\/uploads\/2025\/01\/P71-04-Kojiro-AKAGI-Cote-Grand-Palais-pour-internet-1024-222x300.jpg","keywords":["AKAGI","ART CAPITAL","Kojiro Akagi","lignes rouges","Paris","Salon des Ind\u00e9pendants","\u8d64\u6728 \u66e0\u5150\u90ce"],"articleSection":["D1.2 Ev\u00e9nements pass\u00e9s"],"inLanguage":"fr-FR","potentialAction":[{"@type":"CommentAction","name":"Comment","target":["https:\/\/www.kojiroakagi.com\/kojiroakagi_wp\/kojiro-akagi-de-retour-au-grand-palais\/#respond"]}]},{"@type":"WebPage","@id":"https:\/\/www.kojiroakagi.com\/kojiroakagi_wp\/kojiro-akagi-de-retour-au-grand-palais\/","url":"https:\/\/www.kojiroakagi.com\/kojiroakagi_wp\/kojiro-akagi-de-retour-au-grand-palais\/","name":"Kojiro AKAGI de retour au Grand Palais pour l'\u00e9dition d'ART CAPITAL 2025 ! - Fonds de Dotation Kojiro AKAGI","isPartOf":{"@id":"https:\/\/www.kojiroakagi.com\/kojiroakagi_wp\/#website"},"primaryImageOfPage":{"@id":"https:\/\/www.kojiroakagi.com\/kojiroakagi_wp\/kojiro-akagi-de-retour-au-grand-palais\/#primaryimage"},"image":{"@id":"https:\/\/www.kojiroakagi.com\/kojiroakagi_wp\/kojiro-akagi-de-retour-au-grand-palais\/#primaryimage"},"thumbnailUrl":"https:\/\/www.kojiroakagi.com\/kojiroakagi_wp\/wp-content\/uploads\/2025\/01\/P71-04-Kojiro-AKAGI-Cote-Grand-Palais-pour-internet-1024-222x300.jpg","datePublished":"2025-01-13T17:14:50+00:00","dateModified":"2025-04-05T11:58:31+00:00","breadcrumb":{"@id":"https:\/\/www.kojiroakagi.com\/kojiroakagi_wp\/kojiro-akagi-de-retour-au-grand-palais\/#breadcrumb"},"inLanguage":"fr-FR","potentialAction":[{"@type":"ReadAction","target":["https:\/\/www.kojiroakagi.com\/kojiroakagi_wp\/kojiro-akagi-de-retour-au-grand-palais\/"]}]},{"@type":"ImageObject","inLanguage":"fr-FR","@id":"https:\/\/www.kojiroakagi.com\/kojiroakagi_wp\/kojiro-akagi-de-retour-au-grand-palais\/#primaryimage","url":"https:\/\/www.kojiroakagi.com\/kojiroakagi_wp\/wp-content\/uploads\/2025\/01\/P71-04-Kojiro-AKAGI-Cote-Grand-Palais-pour-internet-1024.jpg","contentUrl":"https:\/\/www.kojiroakagi.com\/kojiroakagi_wp\/wp-content\/uploads\/2025\/01\/P71-04-Kojiro-AKAGI-Cote-Grand-Palais-pour-internet-1024.jpg","width":759,"height":1024},{"@type":"BreadcrumbList","@id":"https:\/\/www.kojiroakagi.com\/kojiroakagi_wp\/kojiro-akagi-de-retour-au-grand-palais\/#breadcrumb","itemListElement":[{"@type":"ListItem","position":1,"name":"Accueil","item":"https:\/\/www.kojiroakagi.com\/kojiroakagi_wp\/"},{"@type":"ListItem","position":2,"name":"Kojiro AKAGI de retour au Grand Palais pour l&rsquo;\u00e9dition d&rsquo;ART CAPITAL 2025 !"}]},{"@type":"WebSite","@id":"https:\/\/www.kojiroakagi.com\/kojiroakagi_wp\/#website","url":"https:\/\/www.kojiroakagi.com\/kojiroakagi_wp\/","name":"Fonds de Dotation Kojiro AKAGI","description":"Le plus parisien des peintres japonais","publisher":{"@id":"https:\/\/www.kojiroakagi.com\/kojiroakagi_wp\/#organization"},"potentialAction":[{"@type":"SearchAction","target":{"@type":"EntryPoint","urlTemplate":"https:\/\/www.kojiroakagi.com\/kojiroakagi_wp\/?s={search_term_string}"},"query-input":{"@type":"PropertyValueSpecification","valueRequired":true,"valueName":"search_term_string"}}],"inLanguage":"fr-FR"},{"@type":"Organization","@id":"https:\/\/www.kojiroakagi.com\/kojiroakagi_wp\/#organization","name":"Fonds de Dotation Kojiro AKAGI","url":"https:\/\/www.kojiroakagi.com\/kojiroakagi_wp\/","logo":{"@type":"ImageObject","inLanguage":"fr-FR","@id":"https:\/\/www.kojiroakagi.com\/kojiroakagi_wp\/#\/schema\/logo\/image\/","url":"https:\/\/www.kojiroakagi.com\/kojiroakagi_wp\/wp-content\/uploads\/2023\/09\/cropped-8e84c50b879d24d8f2289ced01263d2c-1-PhotoRoom.png-PhotoRoom.png","contentUrl":"https:\/\/www.kojiroakagi.com\/kojiroakagi_wp\/wp-content\/uploads\/2023\/09\/cropped-8e84c50b879d24d8f2289ced01263d2c-1-PhotoRoom.png-PhotoRoom.png","width":788,"height":315,"caption":"Fonds de Dotation Kojiro AKAGI"},"image":{"@id":"https:\/\/www.kojiroakagi.com\/kojiroakagi_wp\/#\/schema\/logo\/image\/"},"sameAs":["https:\/\/www.facebook.com\/AKAGIKojiro\/?locale=fr_FR","https:\/\/www.instagram.com\/fondskojiroakagi\/?locale=ne_NP&hl=ar"]},{"@type":"Person","@id":"https:\/\/www.kojiroakagi.com\/kojiroakagi_wp\/#\/schema\/person\/60b24ac99a9f4d1375fea53829535024","name":"KojiroMAX","image":{"@type":"ImageObject","inLanguage":"fr-FR","@id":"https:\/\/secure.gravatar.com\/avatar\/d51c3285c811844f54410ca23c3c4bbdc314fcb431879dd4fe4122044f72c27c?s=96&d=mm&r=g","url":"https:\/\/secure.gravatar.com\/avatar\/d51c3285c811844f54410ca23c3c4bbdc314fcb431879dd4fe4122044f72c27c?s=96&d=mm&r=g","contentUrl":"https:\/\/secure.gravatar.com\/avatar\/d51c3285c811844f54410ca23c3c4bbdc314fcb431879dd4fe4122044f72c27c?s=96&d=mm&r=g","caption":"KojiroMAX"},"sameAs":["http:\/\/www.kojiroakagi.com\/kojiroakagi_wp"],"url":"https:\/\/www.kojiroakagi.com\/kojiroakagi_wp\/author\/kojiromax\/"}]}},"_links":{"self":[{"href":"https:\/\/www.kojiroakagi.com\/kojiroakagi_wp\/wp-json\/wp\/v2\/posts\/1028","targetHints":{"allow":["GET"]}}],"collection":[{"href":"https:\/\/www.kojiroakagi.com\/kojiroakagi_wp\/wp-json\/wp\/v2\/posts"}],"about":[{"href":"https:\/\/www.kojiroakagi.com\/kojiroakagi_wp\/wp-json\/wp\/v2\/types\/post"}],"author":[{"embeddable":true,"href":"https:\/\/www.kojiroakagi.com\/kojiroakagi_wp\/wp-json\/wp\/v2\/users\/1"}],"replies":[{"embeddable":true,"href":"https:\/\/www.kojiroakagi.com\/kojiroakagi_wp\/wp-json\/wp\/v2\/comments?post=1028"}],"version-history":[{"count":21,"href":"https:\/\/www.kojiroakagi.com\/kojiroakagi_wp\/wp-json\/wp\/v2\/posts\/1028\/revisions"}],"predecessor-version":[{"id":1030,"href":"https:\/\/www.kojiroakagi.com\/kojiroakagi_wp\/wp-json\/wp\/v2\/posts\/1028\/revisions\/1030"}],"wp:attachment":[{"href":"https:\/\/www.kojiroakagi.com\/kojiroakagi_wp\/wp-json\/wp\/v2\/media?parent=1028"}],"wp:term":[{"taxonomy":"category","embeddable":true,"href":"https:\/\/www.kojiroakagi.com\/kojiroakagi_wp\/wp-json\/wp\/v2\/categories?post=1028"},{"taxonomy":"post_tag","embeddable":true,"href":"https:\/\/www.kojiroakagi.com\/kojiroakagi_wp\/wp-json\/wp\/v2\/tags?post=1028"}],"curies":[{"name":"wp","href":"https:\/\/api.w.org\/{rel}","templated":true}]}}