{"id":254,"date":"2021-11-17T11:28:49","date_gmt":"2021-11-17T10:28:49","guid":{"rendered":"http:\/\/www.kojiroakagi.com\/kojiroakagi_wp\/?p=254"},"modified":"2021-11-17T11:37:29","modified_gmt":"2021-11-17T10:37:29","slug":"a-noter-dans-votre-agenda-paris-je-taime-pour-leternite-hommage-a-kojiro-akagi","status":"publish","type":"post","link":"https:\/\/www.kojiroakagi.com\/kojiroakagi_wp\/a-noter-dans-votre-agenda-paris-je-taime-pour-leternite-hommage-a-kojiro-akagi\/","title":{"rendered":"A noter dans votre agenda : \u00ab Paris je t\u2019aime ! pour l\u2019\u00e9ternit\u00e9\u2026 \u00bb,\u00a0hommage \u00e0 Kojiro Akagi"},"content":{"rendered":"<h2><strong>\u00ab Paris je t\u2019aime ! pour l\u2019\u00e9ternit\u00e9\u2026 \u00bb,\u00a0hommage \u00e0 Kojiro Akagi<\/strong><\/h2>\n<h3>\u00e0 la MCJP &#8211; Maison de la culture du Japon<br \/>\ndu Mardi 1er f\u00e9vrier 2022 au samedi 22 f\u00e9vrier 2022<br \/>\nHall d\u2019accueil (rez-de-chauss\u00e9e) &#8211;\u00a0Entr\u00e9e libre<\/h3>\n<p>Le formidable travail de m\u00e9moire sur le patrimoine architectural parisien r\u00e9alis\u00e9 par Kojiro Akagi, disparu en 2021, offre un v\u00e9ritable voyage dans le temps et l&rsquo;espace, \u00e0 cheval sur deux si\u00e8cles. Kojiro Akagi, n\u00e9 en 1934 \u00e0 Okayama et ayant v\u00e9cu \u00e0 Paris de 1963 \u00e0 2021, laisse derri\u00e8re lui six d\u00e9cennies de cr\u00e9ation de dessins aquarell\u00e9s et d&rsquo;huiles au filet rouge presque exclusivement consacr\u00e9es \u00e0 Paris. Ses \u0153uvres sont pr\u00e9sentes dans plus de 20 mus\u00e9es \u00e0 travers le monde. Kojiro Akagi demeurera \u00e0 jamais \u00ab Le plus parisien des artistes japonais \u00bb.<\/p>\n<p>Entr\u00e9 \u00e0 l\u2019Ecole Nationale Sup\u00e9rieure des Beaux-Arts de Paris, il est alors Membre des grands salons parisiens comme le Salon d\u2019Automne, le Salon des Ind\u00e9pendants, le Salon National des Beaux-Arts\u2026 Son identit\u00e9 artistique se forge par la capacit\u00e9 de faire ressortir les d\u00e9tails de la ville de Paris et provoquer une admiration pour ses vues charmantes.<\/p>\n<p>Avec la d\u00e9couverte de technique nouvelle au filet rouge de l\u2019huile, les \u0153uvres de l\u2019exposition regroupent un parcours visionnaire de l\u2019artiste en passant par les arrondissements de Paris jusqu\u2019\u00e0 sa p\u00e9riph\u00e9rie.<\/p>\n<p><strong>Pour rester informer,<\/strong> merci d&rsquo;envoyer vos coordonn\u00e9es Pr\u00e9nom, NOM, email, adresse postale, t\u00e9l\u00e9phone, Facebook, etc \u00e0<\/p>\n<p><a href=\"mailto:infos@galeriedeparis.fr\" target=\"_blank\" rel=\"noopener\">infos@galeriedeparis.fr<\/a><\/p>\n<p>&nbsp;<\/p>\n<p>MCJP &#8211; Maison de la culture du Japon<br \/>\n101 bis, quai Branly<br \/>\n75015 Paris<\/p>\n<p>METRO : Ligne 6 : M\u00b0 Bir-Hakeim<br \/>\nRER C : Champ de Mars \u2013 Tour Eiffel<\/p>\n<p>Bus 30 : arr\u00eat Bir Hakeim<br \/>\nBus 72 : arr\u00eat Pont de Bir Hakeim<br \/>\nBus 82 : arr\u00eat Champ de Mars<\/p>\n<p>&nbsp;<\/p>\n","protected":false},"excerpt":{"rendered":"<p>\u00ab Paris je t\u2019aime ! pour l\u2019\u00e9ternit\u00e9\u2026 \u00bb,\u00a0hommage \u00e0 Kojiro Akagi \u00e0 la MCJP &#8211; Maison de la culture du Japon du Mardi 1er f\u00e9vrier 2022 au samedi 22 f\u00e9vrier 2022 Hall d\u2019accueil (rez-de-chauss\u00e9e) &#8211;\u00a0Entr\u00e9e libre Le formidable travail de m\u00e9moire sur le patrimoine architectural parisien r\u00e9alis\u00e9 par Kojiro Akagi, disparu en 2021, offre un v\u00e9ritable voyage dans le temps et l&rsquo;espace, \u00e0 cheval sur deux si\u00e8cles. Kojiro Akagi, n\u00e9 en 1934 \u00e0 Okayama et ayant v\u00e9cu \u00e0 Paris de 1963 \u00e0 2021, laisse derri\u00e8re lui six d\u00e9cennies de cr\u00e9ation de dessins aquarell\u00e9s et d&rsquo;huiles au filet rouge presque exclusivement consacr\u00e9es \u00e0 Paris. Ses \u0153uvres sont pr\u00e9sentes dans plus de 20 mus\u00e9es \u00e0 travers le monde. Kojiro Akagi demeurera \u00e0 jamais \u00ab Le plus parisien des artistes japonais \u00bb. Entr\u00e9 \u00e0 l\u2019Ecole Nationale Sup\u00e9rieure des Beaux-Arts de Paris, il est alors Membre des grands salons parisiens comme le Salon d\u2019Automne, le Salon des Ind\u00e9pendants, le Salon National des Beaux-Arts\u2026 Son identit\u00e9 artistique se forge par la capacit\u00e9 de faire ressortir les d\u00e9tails de la ville de Paris et provoquer une admiration pour ses vues charmantes. Avec la d\u00e9couverte de technique nouvelle au filet rouge de l\u2019huile, les \u0153uvres de l\u2019exposition regroupent un parcours visionnaire de l\u2019artiste en passant par les arrondissements de Paris jusqu\u2019\u00e0 sa p\u00e9riph\u00e9rie. Pour rester informer, merci d&rsquo;envoyer vos coordonn\u00e9es Pr\u00e9nom, NOM, email, adresse postale, t\u00e9l\u00e9phone, Facebook, etc \u00e0 infos@galeriedeparis.fr &nbsp; MCJP &#8211; Maison de la culture du Japon 101 bis, quai Branly 75015 Paris METRO : Ligne 6 : M\u00b0 Bir-Hakeim RER C : Champ de Mars \u2013 Tour Eiffel Bus 30 : arr\u00eat Bir Hakeim Bus 72 : arr\u00eat Pont de Bir Hakeim Bus 82 : arr\u00eat Champ de Mars &nbsp;<\/p>\n","protected":false},"author":1,"featured_media":43,"comment_status":"open","ping_status":"open","sticky":false,"template":"","format":"standard","meta":{"footnotes":""},"categories":[1],"tags":[],"class_list":["post-254","post","type-post","status-publish","format-standard","has-post-thumbnail","hentry","category-non-classe"],"yoast_head":"<!-- This site is optimized with the Yoast SEO plugin v27.5 - https:\/\/yoast.com\/product\/yoast-seo-wordpress\/ -->\n<title>A noter dans votre agenda : \u00ab Paris je t\u2019aime ! pour l\u2019\u00e9ternit\u00e9\u2026 \u00bb,\u00a0hommage \u00e0 Kojiro Akagi - Fonds de Dotation Kojiro AKAGI<\/title>\n<meta name=\"robots\" content=\"index, follow, max-snippet:-1, max-image-preview:large, max-video-preview:-1\" \/>\n<link rel=\"canonical\" href=\"https:\/\/www.kojiroakagi.com\/kojiroakagi_wp\/a-noter-dans-votre-agenda-paris-je-taime-pour-leternite-hommage-a-kojiro-akagi\/\" \/>\n<meta property=\"og:locale\" content=\"fr_FR\" \/>\n<meta property=\"og:type\" content=\"article\" \/>\n<meta property=\"og:title\" content=\"A noter dans votre agenda : \u00ab Paris je t\u2019aime ! pour l\u2019\u00e9ternit\u00e9\u2026 \u00bb,\u00a0hommage \u00e0 Kojiro Akagi - Fonds de Dotation Kojiro AKAGI\" \/>\n<meta property=\"og:description\" content=\"\u00ab Paris je t\u2019aime ! pour l\u2019\u00e9ternit\u00e9\u2026 \u00bb,\u00a0hommage \u00e0 Kojiro Akagi \u00e0 la MCJP &#8211; Maison de la culture du Japon du Mardi 1er f\u00e9vrier 2022 au samedi 22 f\u00e9vrier 2022 Hall d\u2019accueil (rez-de-chauss\u00e9e) &#8211;\u00a0Entr\u00e9e libre Le formidable travail de m\u00e9moire sur le patrimoine architectural parisien r\u00e9alis\u00e9 par Kojiro Akagi, disparu en 2021, offre un v\u00e9ritable voyage dans le temps et l&rsquo;espace, \u00e0 cheval sur deux si\u00e8cles. Kojiro Akagi, n\u00e9 en 1934 \u00e0 Okayama et ayant v\u00e9cu \u00e0 Paris de 1963 \u00e0 2021, laisse derri\u00e8re lui six d\u00e9cennies de cr\u00e9ation de dessins aquarell\u00e9s et d&rsquo;huiles au filet rouge presque exclusivement consacr\u00e9es \u00e0 Paris. Ses \u0153uvres sont pr\u00e9sentes dans plus de 20 mus\u00e9es \u00e0 travers le monde. Kojiro Akagi demeurera \u00e0 jamais \u00ab Le plus parisien des artistes japonais \u00bb. Entr\u00e9 \u00e0 l\u2019Ecole Nationale Sup\u00e9rieure des Beaux-Arts de Paris, il est alors Membre des grands salons parisiens comme le Salon d\u2019Automne, le Salon des Ind\u00e9pendants, le Salon National des Beaux-Arts\u2026 Son identit\u00e9 artistique se forge par la capacit\u00e9 de faire ressortir les d\u00e9tails de la ville de Paris et provoquer une admiration pour ses vues charmantes. Avec la d\u00e9couverte de technique nouvelle au filet rouge de l\u2019huile, les \u0153uvres de l\u2019exposition regroupent un parcours visionnaire de l\u2019artiste en passant par les arrondissements de Paris jusqu\u2019\u00e0 sa p\u00e9riph\u00e9rie. Pour rester informer, merci d&rsquo;envoyer vos coordonn\u00e9es Pr\u00e9nom, NOM, email, adresse postale, t\u00e9l\u00e9phone, Facebook, etc \u00e0 infos@galeriedeparis.fr &nbsp; MCJP &#8211; Maison de la culture du Japon 101 bis, quai Branly 75015 Paris METRO : Ligne 6 : M\u00b0 Bir-Hakeim RER C : Champ de Mars \u2013 Tour Eiffel Bus 30 : arr\u00eat Bir Hakeim Bus 72 : arr\u00eat Pont de Bir Hakeim Bus 82 : arr\u00eat Champ de Mars &nbsp;\" \/>\n<meta property=\"og:url\" content=\"https:\/\/www.kojiroakagi.com\/kojiroakagi_wp\/a-noter-dans-votre-agenda-paris-je-taime-pour-leternite-hommage-a-kojiro-akagi\/\" \/>\n<meta property=\"og:site_name\" content=\"Fonds de Dotation Kojiro AKAGI\" \/>\n<meta property=\"article:publisher\" content=\"https:\/\/www.facebook.com\/AKAGIKojiro\/?locale=fr_FR\" \/>\n<meta property=\"article:published_time\" content=\"2021-11-17T10:28:49+00:00\" \/>\n<meta property=\"article:modified_time\" content=\"2021-11-17T10:37:29+00:00\" \/>\n<meta property=\"og:image\" content=\"https:\/\/www.kojiroakagi.com\/kojiroakagi_wp\/wp-content\/uploads\/2021\/06\/2021-SNBA-Kojiro-AKAGI-MCJP.jpg\" \/>\n\t<meta property=\"og:image:width\" content=\"768\" \/>\n\t<meta property=\"og:image:height\" content=\"768\" \/>\n\t<meta property=\"og:image:type\" content=\"image\/jpeg\" \/>\n<meta name=\"author\" content=\"KojiroMAX\" \/>\n<meta name=\"twitter:card\" content=\"summary_large_image\" \/>\n<meta name=\"twitter:label1\" content=\"\u00c9crit par\" \/>\n\t<meta name=\"twitter:data1\" content=\"KojiroMAX\" \/>\n\t<meta name=\"twitter:label2\" content=\"Dur\u00e9e de lecture estim\u00e9e\" \/>\n\t<meta name=\"twitter:data2\" content=\"1 minute\" \/>\n<script type=\"application\/ld+json\" class=\"yoast-schema-graph\">{\"@context\":\"https:\\\/\\\/schema.org\",\"@graph\":[{\"@type\":\"Article\",\"@id\":\"https:\\\/\\\/www.kojiroakagi.com\\\/kojiroakagi_wp\\\/a-noter-dans-votre-agenda-paris-je-taime-pour-leternite-hommage-a-kojiro-akagi\\\/#article\",\"isPartOf\":{\"@id\":\"https:\\\/\\\/www.kojiroakagi.com\\\/kojiroakagi_wp\\\/a-noter-dans-votre-agenda-paris-je-taime-pour-leternite-hommage-a-kojiro-akagi\\\/\"},\"author\":{\"name\":\"KojiroMAX\",\"@id\":\"https:\\\/\\\/www.kojiroakagi.com\\\/kojiroakagi_wp\\\/#\\\/schema\\\/person\\\/60b24ac99a9f4d1375fea53829535024\"},\"headline\":\"A noter dans votre agenda : \u00ab Paris je t\u2019aime ! pour l\u2019\u00e9ternit\u00e9\u2026 \u00bb,\u00a0hommage \u00e0 Kojiro Akagi\",\"datePublished\":\"2021-11-17T10:28:49+00:00\",\"dateModified\":\"2021-11-17T10:37:29+00:00\",\"mainEntityOfPage\":{\"@id\":\"https:\\\/\\\/www.kojiroakagi.com\\\/kojiroakagi_wp\\\/a-noter-dans-votre-agenda-paris-je-taime-pour-leternite-hommage-a-kojiro-akagi\\\/\"},\"wordCount\":305,\"commentCount\":0,\"publisher\":{\"@id\":\"https:\\\/\\\/www.kojiroakagi.com\\\/kojiroakagi_wp\\\/#organization\"},\"image\":{\"@id\":\"https:\\\/\\\/www.kojiroakagi.com\\\/kojiroakagi_wp\\\/a-noter-dans-votre-agenda-paris-je-taime-pour-leternite-hommage-a-kojiro-akagi\\\/#primaryimage\"},\"thumbnailUrl\":\"https:\\\/\\\/www.kojiroakagi.com\\\/kojiroakagi_wp\\\/wp-content\\\/uploads\\\/2021\\\/06\\\/2021-SNBA-Kojiro-AKAGI-MCJP.jpg\",\"inLanguage\":\"fr-FR\",\"potentialAction\":[{\"@type\":\"CommentAction\",\"name\":\"Comment\",\"target\":[\"https:\\\/\\\/www.kojiroakagi.com\\\/kojiroakagi_wp\\\/a-noter-dans-votre-agenda-paris-je-taime-pour-leternite-hommage-a-kojiro-akagi\\\/#respond\"]}]},{\"@type\":\"WebPage\",\"@id\":\"https:\\\/\\\/www.kojiroakagi.com\\\/kojiroakagi_wp\\\/a-noter-dans-votre-agenda-paris-je-taime-pour-leternite-hommage-a-kojiro-akagi\\\/\",\"url\":\"https:\\\/\\\/www.kojiroakagi.com\\\/kojiroakagi_wp\\\/a-noter-dans-votre-agenda-paris-je-taime-pour-leternite-hommage-a-kojiro-akagi\\\/\",\"name\":\"A noter dans votre agenda : \u00ab Paris je t\u2019aime ! pour l\u2019\u00e9ternit\u00e9\u2026 \u00bb,\u00a0hommage \u00e0 Kojiro Akagi - Fonds de Dotation Kojiro AKAGI\",\"isPartOf\":{\"@id\":\"https:\\\/\\\/www.kojiroakagi.com\\\/kojiroakagi_wp\\\/#website\"},\"primaryImageOfPage\":{\"@id\":\"https:\\\/\\\/www.kojiroakagi.com\\\/kojiroakagi_wp\\\/a-noter-dans-votre-agenda-paris-je-taime-pour-leternite-hommage-a-kojiro-akagi\\\/#primaryimage\"},\"image\":{\"@id\":\"https:\\\/\\\/www.kojiroakagi.com\\\/kojiroakagi_wp\\\/a-noter-dans-votre-agenda-paris-je-taime-pour-leternite-hommage-a-kojiro-akagi\\\/#primaryimage\"},\"thumbnailUrl\":\"https:\\\/\\\/www.kojiroakagi.com\\\/kojiroakagi_wp\\\/wp-content\\\/uploads\\\/2021\\\/06\\\/2021-SNBA-Kojiro-AKAGI-MCJP.jpg\",\"datePublished\":\"2021-11-17T10:28:49+00:00\",\"dateModified\":\"2021-11-17T10:37:29+00:00\",\"breadcrumb\":{\"@id\":\"https:\\\/\\\/www.kojiroakagi.com\\\/kojiroakagi_wp\\\/a-noter-dans-votre-agenda-paris-je-taime-pour-leternite-hommage-a-kojiro-akagi\\\/#breadcrumb\"},\"inLanguage\":\"fr-FR\",\"potentialAction\":[{\"@type\":\"ReadAction\",\"target\":[\"https:\\\/\\\/www.kojiroakagi.com\\\/kojiroakagi_wp\\\/a-noter-dans-votre-agenda-paris-je-taime-pour-leternite-hommage-a-kojiro-akagi\\\/\"]}]},{\"@type\":\"ImageObject\",\"inLanguage\":\"fr-FR\",\"@id\":\"https:\\\/\\\/www.kojiroakagi.com\\\/kojiroakagi_wp\\\/a-noter-dans-votre-agenda-paris-je-taime-pour-leternite-hommage-a-kojiro-akagi\\\/#primaryimage\",\"url\":\"https:\\\/\\\/www.kojiroakagi.com\\\/kojiroakagi_wp\\\/wp-content\\\/uploads\\\/2021\\\/06\\\/2021-SNBA-Kojiro-AKAGI-MCJP.jpg\",\"contentUrl\":\"https:\\\/\\\/www.kojiroakagi.com\\\/kojiroakagi_wp\\\/wp-content\\\/uploads\\\/2021\\\/06\\\/2021-SNBA-Kojiro-AKAGI-MCJP.jpg\",\"width\":768,\"height\":768},{\"@type\":\"BreadcrumbList\",\"@id\":\"https:\\\/\\\/www.kojiroakagi.com\\\/kojiroakagi_wp\\\/a-noter-dans-votre-agenda-paris-je-taime-pour-leternite-hommage-a-kojiro-akagi\\\/#breadcrumb\",\"itemListElement\":[{\"@type\":\"ListItem\",\"position\":1,\"name\":\"Accueil\",\"item\":\"https:\\\/\\\/www.kojiroakagi.com\\\/kojiroakagi_wp\\\/\"},{\"@type\":\"ListItem\",\"position\":2,\"name\":\"A noter dans votre agenda : \u00ab Paris je t\u2019aime ! pour l\u2019\u00e9ternit\u00e9\u2026 \u00bb,\u00a0hommage \u00e0 Kojiro Akagi\"}]},{\"@type\":\"WebSite\",\"@id\":\"https:\\\/\\\/www.kojiroakagi.com\\\/kojiroakagi_wp\\\/#website\",\"url\":\"https:\\\/\\\/www.kojiroakagi.com\\\/kojiroakagi_wp\\\/\",\"name\":\"Fonds de Dotation Kojiro AKAGI\",\"description\":\"Le plus parisien des peintres japonais\",\"publisher\":{\"@id\":\"https:\\\/\\\/www.kojiroakagi.com\\\/kojiroakagi_wp\\\/#organization\"},\"potentialAction\":[{\"@type\":\"SearchAction\",\"target\":{\"@type\":\"EntryPoint\",\"urlTemplate\":\"https:\\\/\\\/www.kojiroakagi.com\\\/kojiroakagi_wp\\\/?s={search_term_string}\"},\"query-input\":{\"@type\":\"PropertyValueSpecification\",\"valueRequired\":true,\"valueName\":\"search_term_string\"}}],\"inLanguage\":\"fr-FR\"},{\"@type\":\"Organization\",\"@id\":\"https:\\\/\\\/www.kojiroakagi.com\\\/kojiroakagi_wp\\\/#organization\",\"name\":\"Fonds de Dotation Kojiro AKAGI\",\"url\":\"https:\\\/\\\/www.kojiroakagi.com\\\/kojiroakagi_wp\\\/\",\"logo\":{\"@type\":\"ImageObject\",\"inLanguage\":\"fr-FR\",\"@id\":\"https:\\\/\\\/www.kojiroakagi.com\\\/kojiroakagi_wp\\\/#\\\/schema\\\/logo\\\/image\\\/\",\"url\":\"https:\\\/\\\/www.kojiroakagi.com\\\/kojiroakagi_wp\\\/wp-content\\\/uploads\\\/2023\\\/09\\\/cropped-8e84c50b879d24d8f2289ced01263d2c-1-PhotoRoom.png-PhotoRoom.png\",\"contentUrl\":\"https:\\\/\\\/www.kojiroakagi.com\\\/kojiroakagi_wp\\\/wp-content\\\/uploads\\\/2023\\\/09\\\/cropped-8e84c50b879d24d8f2289ced01263d2c-1-PhotoRoom.png-PhotoRoom.png\",\"width\":788,\"height\":315,\"caption\":\"Fonds de Dotation Kojiro AKAGI\"},\"image\":{\"@id\":\"https:\\\/\\\/www.kojiroakagi.com\\\/kojiroakagi_wp\\\/#\\\/schema\\\/logo\\\/image\\\/\"},\"sameAs\":[\"https:\\\/\\\/www.facebook.com\\\/AKAGIKojiro\\\/?locale=fr_FR\",\"https:\\\/\\\/www.instagram.com\\\/fondskojiroakagi\\\/?locale=ne_NP&hl=ar\"]},{\"@type\":\"Person\",\"@id\":\"https:\\\/\\\/www.kojiroakagi.com\\\/kojiroakagi_wp\\\/#\\\/schema\\\/person\\\/60b24ac99a9f4d1375fea53829535024\",\"name\":\"KojiroMAX\",\"image\":{\"@type\":\"ImageObject\",\"inLanguage\":\"fr-FR\",\"@id\":\"https:\\\/\\\/secure.gravatar.com\\\/avatar\\\/d51c3285c811844f54410ca23c3c4bbdc314fcb431879dd4fe4122044f72c27c?s=96&d=mm&r=g\",\"url\":\"https:\\\/\\\/secure.gravatar.com\\\/avatar\\\/d51c3285c811844f54410ca23c3c4bbdc314fcb431879dd4fe4122044f72c27c?s=96&d=mm&r=g\",\"contentUrl\":\"https:\\\/\\\/secure.gravatar.com\\\/avatar\\\/d51c3285c811844f54410ca23c3c4bbdc314fcb431879dd4fe4122044f72c27c?s=96&d=mm&r=g\",\"caption\":\"KojiroMAX\"},\"sameAs\":[\"http:\\\/\\\/www.kojiroakagi.com\\\/kojiroakagi_wp\"],\"url\":\"https:\\\/\\\/www.kojiroakagi.com\\\/kojiroakagi_wp\\\/author\\\/kojiromax\\\/\"}]}<\/script>\n<!-- \/ Yoast SEO plugin. -->","yoast_head_json":{"title":"A noter dans votre agenda : \u00ab Paris je t\u2019aime ! pour l\u2019\u00e9ternit\u00e9\u2026 \u00bb,\u00a0hommage \u00e0 Kojiro Akagi - Fonds de Dotation Kojiro AKAGI","robots":{"index":"index","follow":"follow","max-snippet":"max-snippet:-1","max-image-preview":"max-image-preview:large","max-video-preview":"max-video-preview:-1"},"canonical":"https:\/\/www.kojiroakagi.com\/kojiroakagi_wp\/a-noter-dans-votre-agenda-paris-je-taime-pour-leternite-hommage-a-kojiro-akagi\/","og_locale":"fr_FR","og_type":"article","og_title":"A noter dans votre agenda : \u00ab Paris je t\u2019aime ! pour l\u2019\u00e9ternit\u00e9\u2026 \u00bb,\u00a0hommage \u00e0 Kojiro Akagi - Fonds de Dotation Kojiro AKAGI","og_description":"\u00ab Paris je t\u2019aime ! pour l\u2019\u00e9ternit\u00e9\u2026 \u00bb,\u00a0hommage \u00e0 Kojiro Akagi \u00e0 la MCJP &#8211; Maison de la culture du Japon du Mardi 1er f\u00e9vrier 2022 au samedi 22 f\u00e9vrier 2022 Hall d\u2019accueil (rez-de-chauss\u00e9e) &#8211;\u00a0Entr\u00e9e libre Le formidable travail de m\u00e9moire sur le patrimoine architectural parisien r\u00e9alis\u00e9 par Kojiro Akagi, disparu en 2021, offre un v\u00e9ritable voyage dans le temps et l&rsquo;espace, \u00e0 cheval sur deux si\u00e8cles. Kojiro Akagi, n\u00e9 en 1934 \u00e0 Okayama et ayant v\u00e9cu \u00e0 Paris de 1963 \u00e0 2021, laisse derri\u00e8re lui six d\u00e9cennies de cr\u00e9ation de dessins aquarell\u00e9s et d&rsquo;huiles au filet rouge presque exclusivement consacr\u00e9es \u00e0 Paris. Ses \u0153uvres sont pr\u00e9sentes dans plus de 20 mus\u00e9es \u00e0 travers le monde. Kojiro Akagi demeurera \u00e0 jamais \u00ab Le plus parisien des artistes japonais \u00bb. Entr\u00e9 \u00e0 l\u2019Ecole Nationale Sup\u00e9rieure des Beaux-Arts de Paris, il est alors Membre des grands salons parisiens comme le Salon d\u2019Automne, le Salon des Ind\u00e9pendants, le Salon National des Beaux-Arts\u2026 Son identit\u00e9 artistique se forge par la capacit\u00e9 de faire ressortir les d\u00e9tails de la ville de Paris et provoquer une admiration pour ses vues charmantes. Avec la d\u00e9couverte de technique nouvelle au filet rouge de l\u2019huile, les \u0153uvres de l\u2019exposition regroupent un parcours visionnaire de l\u2019artiste en passant par les arrondissements de Paris jusqu\u2019\u00e0 sa p\u00e9riph\u00e9rie. Pour rester informer, merci d&rsquo;envoyer vos coordonn\u00e9es Pr\u00e9nom, NOM, email, adresse postale, t\u00e9l\u00e9phone, Facebook, etc \u00e0 infos@galeriedeparis.fr &nbsp; MCJP &#8211; Maison de la culture du Japon 101 bis, quai Branly 75015 Paris METRO : Ligne 6 : M\u00b0 Bir-Hakeim RER C : Champ de Mars \u2013 Tour Eiffel Bus 30 : arr\u00eat Bir Hakeim Bus 72 : arr\u00eat Pont de Bir Hakeim Bus 82 : arr\u00eat Champ de Mars &nbsp;","og_url":"https:\/\/www.kojiroakagi.com\/kojiroakagi_wp\/a-noter-dans-votre-agenda-paris-je-taime-pour-leternite-hommage-a-kojiro-akagi\/","og_site_name":"Fonds de Dotation Kojiro AKAGI","article_publisher":"https:\/\/www.facebook.com\/AKAGIKojiro\/?locale=fr_FR","article_published_time":"2021-11-17T10:28:49+00:00","article_modified_time":"2021-11-17T10:37:29+00:00","og_image":[{"width":768,"height":768,"url":"https:\/\/www.kojiroakagi.com\/kojiroakagi_wp\/wp-content\/uploads\/2021\/06\/2021-SNBA-Kojiro-AKAGI-MCJP.jpg","type":"image\/jpeg"}],"author":"KojiroMAX","twitter_card":"summary_large_image","twitter_misc":{"\u00c9crit par":"KojiroMAX","Dur\u00e9e de lecture estim\u00e9e":"1 minute"},"schema":{"@context":"https:\/\/schema.org","@graph":[{"@type":"Article","@id":"https:\/\/www.kojiroakagi.com\/kojiroakagi_wp\/a-noter-dans-votre-agenda-paris-je-taime-pour-leternite-hommage-a-kojiro-akagi\/#article","isPartOf":{"@id":"https:\/\/www.kojiroakagi.com\/kojiroakagi_wp\/a-noter-dans-votre-agenda-paris-je-taime-pour-leternite-hommage-a-kojiro-akagi\/"},"author":{"name":"KojiroMAX","@id":"https:\/\/www.kojiroakagi.com\/kojiroakagi_wp\/#\/schema\/person\/60b24ac99a9f4d1375fea53829535024"},"headline":"A noter dans votre agenda : \u00ab Paris je t\u2019aime ! pour l\u2019\u00e9ternit\u00e9\u2026 \u00bb,\u00a0hommage \u00e0 Kojiro Akagi","datePublished":"2021-11-17T10:28:49+00:00","dateModified":"2021-11-17T10:37:29+00:00","mainEntityOfPage":{"@id":"https:\/\/www.kojiroakagi.com\/kojiroakagi_wp\/a-noter-dans-votre-agenda-paris-je-taime-pour-leternite-hommage-a-kojiro-akagi\/"},"wordCount":305,"commentCount":0,"publisher":{"@id":"https:\/\/www.kojiroakagi.com\/kojiroakagi_wp\/#organization"},"image":{"@id":"https:\/\/www.kojiroakagi.com\/kojiroakagi_wp\/a-noter-dans-votre-agenda-paris-je-taime-pour-leternite-hommage-a-kojiro-akagi\/#primaryimage"},"thumbnailUrl":"https:\/\/www.kojiroakagi.com\/kojiroakagi_wp\/wp-content\/uploads\/2021\/06\/2021-SNBA-Kojiro-AKAGI-MCJP.jpg","inLanguage":"fr-FR","potentialAction":[{"@type":"CommentAction","name":"Comment","target":["https:\/\/www.kojiroakagi.com\/kojiroakagi_wp\/a-noter-dans-votre-agenda-paris-je-taime-pour-leternite-hommage-a-kojiro-akagi\/#respond"]}]},{"@type":"WebPage","@id":"https:\/\/www.kojiroakagi.com\/kojiroakagi_wp\/a-noter-dans-votre-agenda-paris-je-taime-pour-leternite-hommage-a-kojiro-akagi\/","url":"https:\/\/www.kojiroakagi.com\/kojiroakagi_wp\/a-noter-dans-votre-agenda-paris-je-taime-pour-leternite-hommage-a-kojiro-akagi\/","name":"A noter dans votre agenda : \u00ab Paris je t\u2019aime ! pour l\u2019\u00e9ternit\u00e9\u2026 \u00bb,\u00a0hommage \u00e0 Kojiro Akagi - Fonds de Dotation Kojiro AKAGI","isPartOf":{"@id":"https:\/\/www.kojiroakagi.com\/kojiroakagi_wp\/#website"},"primaryImageOfPage":{"@id":"https:\/\/www.kojiroakagi.com\/kojiroakagi_wp\/a-noter-dans-votre-agenda-paris-je-taime-pour-leternite-hommage-a-kojiro-akagi\/#primaryimage"},"image":{"@id":"https:\/\/www.kojiroakagi.com\/kojiroakagi_wp\/a-noter-dans-votre-agenda-paris-je-taime-pour-leternite-hommage-a-kojiro-akagi\/#primaryimage"},"thumbnailUrl":"https:\/\/www.kojiroakagi.com\/kojiroakagi_wp\/wp-content\/uploads\/2021\/06\/2021-SNBA-Kojiro-AKAGI-MCJP.jpg","datePublished":"2021-11-17T10:28:49+00:00","dateModified":"2021-11-17T10:37:29+00:00","breadcrumb":{"@id":"https:\/\/www.kojiroakagi.com\/kojiroakagi_wp\/a-noter-dans-votre-agenda-paris-je-taime-pour-leternite-hommage-a-kojiro-akagi\/#breadcrumb"},"inLanguage":"fr-FR","potentialAction":[{"@type":"ReadAction","target":["https:\/\/www.kojiroakagi.com\/kojiroakagi_wp\/a-noter-dans-votre-agenda-paris-je-taime-pour-leternite-hommage-a-kojiro-akagi\/"]}]},{"@type":"ImageObject","inLanguage":"fr-FR","@id":"https:\/\/www.kojiroakagi.com\/kojiroakagi_wp\/a-noter-dans-votre-agenda-paris-je-taime-pour-leternite-hommage-a-kojiro-akagi\/#primaryimage","url":"https:\/\/www.kojiroakagi.com\/kojiroakagi_wp\/wp-content\/uploads\/2021\/06\/2021-SNBA-Kojiro-AKAGI-MCJP.jpg","contentUrl":"https:\/\/www.kojiroakagi.com\/kojiroakagi_wp\/wp-content\/uploads\/2021\/06\/2021-SNBA-Kojiro-AKAGI-MCJP.jpg","width":768,"height":768},{"@type":"BreadcrumbList","@id":"https:\/\/www.kojiroakagi.com\/kojiroakagi_wp\/a-noter-dans-votre-agenda-paris-je-taime-pour-leternite-hommage-a-kojiro-akagi\/#breadcrumb","itemListElement":[{"@type":"ListItem","position":1,"name":"Accueil","item":"https:\/\/www.kojiroakagi.com\/kojiroakagi_wp\/"},{"@type":"ListItem","position":2,"name":"A noter dans votre agenda : \u00ab Paris je t\u2019aime ! pour l\u2019\u00e9ternit\u00e9\u2026 \u00bb,\u00a0hommage \u00e0 Kojiro Akagi"}]},{"@type":"WebSite","@id":"https:\/\/www.kojiroakagi.com\/kojiroakagi_wp\/#website","url":"https:\/\/www.kojiroakagi.com\/kojiroakagi_wp\/","name":"Fonds de Dotation Kojiro AKAGI","description":"Le plus parisien des peintres japonais","publisher":{"@id":"https:\/\/www.kojiroakagi.com\/kojiroakagi_wp\/#organization"},"potentialAction":[{"@type":"SearchAction","target":{"@type":"EntryPoint","urlTemplate":"https:\/\/www.kojiroakagi.com\/kojiroakagi_wp\/?s={search_term_string}"},"query-input":{"@type":"PropertyValueSpecification","valueRequired":true,"valueName":"search_term_string"}}],"inLanguage":"fr-FR"},{"@type":"Organization","@id":"https:\/\/www.kojiroakagi.com\/kojiroakagi_wp\/#organization","name":"Fonds de Dotation Kojiro AKAGI","url":"https:\/\/www.kojiroakagi.com\/kojiroakagi_wp\/","logo":{"@type":"ImageObject","inLanguage":"fr-FR","@id":"https:\/\/www.kojiroakagi.com\/kojiroakagi_wp\/#\/schema\/logo\/image\/","url":"https:\/\/www.kojiroakagi.com\/kojiroakagi_wp\/wp-content\/uploads\/2023\/09\/cropped-8e84c50b879d24d8f2289ced01263d2c-1-PhotoRoom.png-PhotoRoom.png","contentUrl":"https:\/\/www.kojiroakagi.com\/kojiroakagi_wp\/wp-content\/uploads\/2023\/09\/cropped-8e84c50b879d24d8f2289ced01263d2c-1-PhotoRoom.png-PhotoRoom.png","width":788,"height":315,"caption":"Fonds de Dotation Kojiro AKAGI"},"image":{"@id":"https:\/\/www.kojiroakagi.com\/kojiroakagi_wp\/#\/schema\/logo\/image\/"},"sameAs":["https:\/\/www.facebook.com\/AKAGIKojiro\/?locale=fr_FR","https:\/\/www.instagram.com\/fondskojiroakagi\/?locale=ne_NP&hl=ar"]},{"@type":"Person","@id":"https:\/\/www.kojiroakagi.com\/kojiroakagi_wp\/#\/schema\/person\/60b24ac99a9f4d1375fea53829535024","name":"KojiroMAX","image":{"@type":"ImageObject","inLanguage":"fr-FR","@id":"https:\/\/secure.gravatar.com\/avatar\/d51c3285c811844f54410ca23c3c4bbdc314fcb431879dd4fe4122044f72c27c?s=96&d=mm&r=g","url":"https:\/\/secure.gravatar.com\/avatar\/d51c3285c811844f54410ca23c3c4bbdc314fcb431879dd4fe4122044f72c27c?s=96&d=mm&r=g","contentUrl":"https:\/\/secure.gravatar.com\/avatar\/d51c3285c811844f54410ca23c3c4bbdc314fcb431879dd4fe4122044f72c27c?s=96&d=mm&r=g","caption":"KojiroMAX"},"sameAs":["http:\/\/www.kojiroakagi.com\/kojiroakagi_wp"],"url":"https:\/\/www.kojiroakagi.com\/kojiroakagi_wp\/author\/kojiromax\/"}]}},"_links":{"self":[{"href":"https:\/\/www.kojiroakagi.com\/kojiroakagi_wp\/wp-json\/wp\/v2\/posts\/254","targetHints":{"allow":["GET"]}}],"collection":[{"href":"https:\/\/www.kojiroakagi.com\/kojiroakagi_wp\/wp-json\/wp\/v2\/posts"}],"about":[{"href":"https:\/\/www.kojiroakagi.com\/kojiroakagi_wp\/wp-json\/wp\/v2\/types\/post"}],"author":[{"embeddable":true,"href":"https:\/\/www.kojiroakagi.com\/kojiroakagi_wp\/wp-json\/wp\/v2\/users\/1"}],"replies":[{"embeddable":true,"href":"https:\/\/www.kojiroakagi.com\/kojiroakagi_wp\/wp-json\/wp\/v2\/comments?post=254"}],"version-history":[{"count":6,"href":"https:\/\/www.kojiroakagi.com\/kojiroakagi_wp\/wp-json\/wp\/v2\/posts\/254\/revisions"}],"predecessor-version":[{"id":260,"href":"https:\/\/www.kojiroakagi.com\/kojiroakagi_wp\/wp-json\/wp\/v2\/posts\/254\/revisions\/260"}],"wp:featuredmedia":[{"embeddable":true,"href":"https:\/\/www.kojiroakagi.com\/kojiroakagi_wp\/wp-json\/wp\/v2\/media\/43"}],"wp:attachment":[{"href":"https:\/\/www.kojiroakagi.com\/kojiroakagi_wp\/wp-json\/wp\/v2\/media?parent=254"}],"wp:term":[{"taxonomy":"category","embeddable":true,"href":"https:\/\/www.kojiroakagi.com\/kojiroakagi_wp\/wp-json\/wp\/v2\/categories?post=254"},{"taxonomy":"post_tag","embeddable":true,"href":"https:\/\/www.kojiroakagi.com\/kojiroakagi_wp\/wp-json\/wp\/v2\/tags?post=254"}],"curies":[{"name":"wp","href":"https:\/\/api.w.org\/{rel}","templated":true}]}}