{"id":26,"date":"2021-06-24T16:10:00","date_gmt":"2021-06-24T14:10:00","guid":{"rendered":"http:\/\/www.kojiroakagi.com\/kojiroakagi_wp\/?p=26"},"modified":"2021-06-26T14:51:34","modified_gmt":"2021-06-26T12:51:34","slug":"%e3%82%b5%e3%83%ad%e3%83%b3-%e3%83%87-%e3%83%9c%e3%82%b6%e3%83%bc%e3%83%ab%e5%b1%95-lart-un-lien-entre-paris-et-tokyo","status":"publish","type":"post","link":"https:\/\/www.kojiroakagi.com\/kojiroakagi_wp\/%e3%82%b5%e3%83%ad%e3%83%b3-%e3%83%87-%e3%83%9c%e3%82%b6%e3%83%bc%e3%83%ab%e5%b1%95-lart-un-lien-entre-paris-et-tokyo\/","title":{"rendered":"\u30b5\u30ed\u30f3 \u30c7 \u30dc\u30b6\u30fc\u30eb\u5c55  L&rsquo;art un lien entre Paris et Tokyo"},"content":{"rendered":"\n<p><strong>Retrouver les \u0153uvres de Kojiro AKAGI \u00e0 l&rsquo;occasion <\/strong>de l&rsquo;Exposition SNBA &#8211; Salon des Beaux-Arts,<br>du 22 juin 2021 au 3 juillet 2021 \u00e0 Paris<\/p>\n\n\n\n<p>La Maison de la culture du Japon \u00e0 Paris accueillera l&rsquo;\u00c9dition 2020 du Salon des Beaux Arts, organis\u00e9 par la Soci\u00e9t\u00e9 Nationale des Beaux Arts et plac\u00e9 sous le Haut patronage du Pr\u00e9sident de la R\u00e9publique. Plus d&rsquo;une cinquantaine d&rsquo;\u0153uvres seront expos\u00e9es m\u00ealant sculpture, peinture, sculpture c\u00e9ramique et gravure. Fond\u00e9 en 1861 par Louis Martinet et Th\u00e9ophile Gautier avec pour vocation de \u00ab\u00a0rendre l&rsquo;art ind\u00e9pendant et apprendre aux artistes \u00e0 s&rsquo;occuper eux-m\u00eames leurs affaires\u00a0\u00bb, le Salon des Beaux Arts a entretenu depuis ses d\u00e9buts des liens \u00e9troits avec le Japon et ses artistes.<br>L&rsquo;\u00e9crivaine Muriel Barbery, qui a v\u00e9cu \u00e0 Kyoto quelques ann\u00e9es et dont le cinqui\u00e8me et dernier roman se situe dans cette ville, sera la marraine du Salon 2020 et la pr\u00e9sidente du Jury.<\/p>\n\n\n\n<figure class=\"wp-block-image\"><img decoding=\"async\" src=\"http:\/\/www.salondesbeauxarts.com\/wp-content\/uploads\/2020\/08\/Facade-MCJP-2018-2-768x549.jpg\" alt=\"\"\/><figcaption><a href=\"http:\/\/www.salondesbeauxarts.com\/salon-2020-maison-de-la-culture-du-japon-a-paris\/\" target=\"_blank\" rel=\"noreferrer noopener\">http:\/\/www.salondesbeauxarts.com\/salon-2020-maison-de-la-culture-du-japon-a-paris\/<\/a><\/figcaption><\/figure>\n\n\n\n<p>Entr\u00e9e libre<br>Hall d&rsquo;accueil (Rez-de-chauss\u00e9e)<br>Du mardi au samedi &#8211; de 11h \u00e0 19h<\/p>\n\n\n\n<p>Organisation : Soci\u00e9t\u00e9 Nationale des Beaux Arts<\/p>\n\n\n\n<p><a href=\"https:\/\/www.mcjp.fr\/fr\/agenda\/salon-des-beaux-arts\">https:\/\/www.mcjp.fr\/fr\/agenda\/salon-des-beaux-arts<\/a><\/p>\n\n\n\n<p><strong>ADRESSE DE LA MCJP :<\/strong><br>101 bis, quai Branly &#8211; 75015 Paris<\/p>\n\n\n\n<p>METRO : Ligne 6 : M\u00b0 Bir-Hakeim &#8211; RER C : Champ de Mars \u2013 Tour Eiffel<\/p>\n","protected":false},"excerpt":{"rendered":"<p>Retrouver les \u0153uvres de Kojiro AKAGI \u00e0 l&rsquo;occasion de l&rsquo;Exposition SNBA &#8211; Salon des Beaux-Arts,du 22 juin 2021 au 3 juillet 2021 \u00e0 Paris La Maison de la culture du Japon \u00e0 Paris accueillera l&rsquo;\u00c9dition 2020 du Salon des Beaux Arts, organis\u00e9 par la Soci\u00e9t\u00e9 Nationale des Beaux Arts et plac\u00e9 sous le Haut patronage du Pr\u00e9sident de la R\u00e9publique. Plus d&rsquo;une cinquantaine d&rsquo;\u0153uvres seront expos\u00e9es m\u00ealant sculpture, peinture, sculpture c\u00e9ramique et gravure. Fond\u00e9 en 1861 par Louis Martinet et Th\u00e9ophile Gautier avec pour vocation de \u00ab\u00a0rendre l&rsquo;art ind\u00e9pendant et apprendre aux artistes \u00e0 s&rsquo;occuper eux-m\u00eames leurs affaires\u00a0\u00bb, le Salon des Beaux Arts a entretenu depuis ses d\u00e9buts des liens \u00e9troits avec le Japon et ses artistes.L&rsquo;\u00e9crivaine Muriel Barbery, qui a v\u00e9cu \u00e0 Kyoto quelques ann\u00e9es et dont le cinqui\u00e8me et dernier roman se situe dans cette ville, sera la marraine du Salon 2020 et la pr\u00e9sidente du Jury. Entr\u00e9e libreHall d&rsquo;accueil (Rez-de-chauss\u00e9e)Du mardi au samedi &#8211; de 11h \u00e0 19h Organisation : Soci\u00e9t\u00e9 Nationale des Beaux Arts https:\/\/www.mcjp.fr\/fr\/agenda\/salon-des-beaux-arts ADRESSE DE LA MCJP :101 bis, quai Branly &#8211; 75015 Paris METRO : Ligne 6 : M\u00b0 Bir-Hakeim &#8211; RER C : Champ de Mars \u2013 Tour Eiffel<\/p>\n","protected":false},"author":1,"featured_media":47,"comment_status":"open","ping_status":"open","sticky":false,"template":"","format":"standard","meta":{"footnotes":""},"categories":[1],"tags":[],"class_list":["post-26","post","type-post","status-publish","format-standard","has-post-thumbnail","hentry","category-non-classe"],"yoast_head":"<!-- This site is optimized with the Yoast SEO plugin v27.5 - https:\/\/yoast.com\/product\/yoast-seo-wordpress\/ -->\n<title>\u30b5\u30ed\u30f3 \u30c7 \u30dc\u30b6\u30fc\u30eb\u5c55 L&#039;art un lien entre Paris et Tokyo - Fonds de Dotation Kojiro AKAGI<\/title>\n<meta name=\"robots\" content=\"index, follow, max-snippet:-1, max-image-preview:large, max-video-preview:-1\" \/>\n<link rel=\"canonical\" href=\"https:\/\/www.kojiroakagi.com\/kojiroakagi_wp\/\u30b5\u30ed\u30f3-\u30c7-\u30dc\u30b6\u30fc\u30eb\u5c55-lart-un-lien-entre-paris-et-tokyo\/\" \/>\n<meta property=\"og:locale\" content=\"fr_FR\" \/>\n<meta property=\"og:type\" content=\"article\" \/>\n<meta property=\"og:title\" content=\"\u30b5\u30ed\u30f3 \u30c7 \u30dc\u30b6\u30fc\u30eb\u5c55 L&#039;art un lien entre Paris et Tokyo - Fonds de Dotation Kojiro AKAGI\" \/>\n<meta property=\"og:description\" content=\"Retrouver les \u0153uvres de Kojiro AKAGI \u00e0 l&rsquo;occasion de l&rsquo;Exposition SNBA &#8211; Salon des Beaux-Arts,du 22 juin 2021 au 3 juillet 2021 \u00e0 Paris La Maison de la culture du Japon \u00e0 Paris accueillera l&rsquo;\u00c9dition 2020 du Salon des Beaux Arts, organis\u00e9 par la Soci\u00e9t\u00e9 Nationale des Beaux Arts et plac\u00e9 sous le Haut patronage du Pr\u00e9sident de la R\u00e9publique. Plus d&rsquo;une cinquantaine d&rsquo;\u0153uvres seront expos\u00e9es m\u00ealant sculpture, peinture, sculpture c\u00e9ramique et gravure. Fond\u00e9 en 1861 par Louis Martinet et Th\u00e9ophile Gautier avec pour vocation de \u00ab\u00a0rendre l&rsquo;art ind\u00e9pendant et apprendre aux artistes \u00e0 s&rsquo;occuper eux-m\u00eames leurs affaires\u00a0\u00bb, le Salon des Beaux Arts a entretenu depuis ses d\u00e9buts des liens \u00e9troits avec le Japon et ses artistes.L&rsquo;\u00e9crivaine Muriel Barbery, qui a v\u00e9cu \u00e0 Kyoto quelques ann\u00e9es et dont le cinqui\u00e8me et dernier roman se situe dans cette ville, sera la marraine du Salon 2020 et la pr\u00e9sidente du Jury. Entr\u00e9e libreHall d&rsquo;accueil (Rez-de-chauss\u00e9e)Du mardi au samedi &#8211; de 11h \u00e0 19h Organisation : Soci\u00e9t\u00e9 Nationale des Beaux Arts https:\/\/www.mcjp.fr\/fr\/agenda\/salon-des-beaux-arts ADRESSE DE LA MCJP :101 bis, quai Branly &#8211; 75015 Paris METRO : Ligne 6 : M\u00b0 Bir-Hakeim &#8211; RER C : Champ de Mars \u2013 Tour Eiffel\" \/>\n<meta property=\"og:url\" content=\"https:\/\/www.kojiroakagi.com\/kojiroakagi_wp\/\u30b5\u30ed\u30f3-\u30c7-\u30dc\u30b6\u30fc\u30eb\u5c55-lart-un-lien-entre-paris-et-tokyo\/\" \/>\n<meta property=\"og:site_name\" content=\"Fonds de Dotation Kojiro AKAGI\" \/>\n<meta property=\"article:publisher\" content=\"https:\/\/www.facebook.com\/AKAGIKojiro\/?locale=fr_FR\" \/>\n<meta property=\"article:published_time\" content=\"2021-06-24T14:10:00+00:00\" \/>\n<meta property=\"article:modified_time\" content=\"2021-06-26T12:51:34+00:00\" \/>\n<meta property=\"og:image\" content=\"https:\/\/www.kojiroakagi.com\/kojiroakagi_wp\/wp-content\/uploads\/2021\/06\/Invitation-Salon-Beaux-Arts-2020.jpg\" \/>\n\t<meta property=\"og:image:width\" content=\"2401\" \/>\n\t<meta property=\"og:image:height\" content=\"1196\" \/>\n\t<meta property=\"og:image:type\" content=\"image\/jpeg\" \/>\n<meta name=\"author\" content=\"KojiroMAX\" \/>\n<meta name=\"twitter:card\" content=\"summary_large_image\" \/>\n<meta name=\"twitter:label1\" content=\"\u00c9crit par\" \/>\n\t<meta name=\"twitter:data1\" content=\"KojiroMAX\" \/>\n\t<meta name=\"twitter:label2\" content=\"Dur\u00e9e de lecture estim\u00e9e\" \/>\n\t<meta name=\"twitter:data2\" content=\"1 minute\" \/>\n<script type=\"application\/ld+json\" class=\"yoast-schema-graph\">{\"@context\":\"https:\\\/\\\/schema.org\",\"@graph\":[{\"@type\":\"Article\",\"@id\":\"https:\\\/\\\/www.kojiroakagi.com\\\/kojiroakagi_wp\\\/%e3%82%b5%e3%83%ad%e3%83%b3-%e3%83%87-%e3%83%9c%e3%82%b6%e3%83%bc%e3%83%ab%e5%b1%95-lart-un-lien-entre-paris-et-tokyo\\\/#article\",\"isPartOf\":{\"@id\":\"https:\\\/\\\/www.kojiroakagi.com\\\/kojiroakagi_wp\\\/%e3%82%b5%e3%83%ad%e3%83%b3-%e3%83%87-%e3%83%9c%e3%82%b6%e3%83%bc%e3%83%ab%e5%b1%95-lart-un-lien-entre-paris-et-tokyo\\\/\"},\"author\":{\"name\":\"KojiroMAX\",\"@id\":\"https:\\\/\\\/www.kojiroakagi.com\\\/kojiroakagi_wp\\\/#\\\/schema\\\/person\\\/60b24ac99a9f4d1375fea53829535024\"},\"headline\":\"\u30b5\u30ed\u30f3 \u30c7 \u30dc\u30b6\u30fc\u30eb\u5c55 L&rsquo;art un lien entre Paris et Tokyo\",\"datePublished\":\"2021-06-24T14:10:00+00:00\",\"dateModified\":\"2021-06-26T12:51:34+00:00\",\"mainEntityOfPage\":{\"@id\":\"https:\\\/\\\/www.kojiroakagi.com\\\/kojiroakagi_wp\\\/%e3%82%b5%e3%83%ad%e3%83%b3-%e3%83%87-%e3%83%9c%e3%82%b6%e3%83%bc%e3%83%ab%e5%b1%95-lart-un-lien-entre-paris-et-tokyo\\\/\"},\"wordCount\":218,\"commentCount\":0,\"publisher\":{\"@id\":\"https:\\\/\\\/www.kojiroakagi.com\\\/kojiroakagi_wp\\\/#organization\"},\"image\":{\"@id\":\"https:\\\/\\\/www.kojiroakagi.com\\\/kojiroakagi_wp\\\/%e3%82%b5%e3%83%ad%e3%83%b3-%e3%83%87-%e3%83%9c%e3%82%b6%e3%83%bc%e3%83%ab%e5%b1%95-lart-un-lien-entre-paris-et-tokyo\\\/#primaryimage\"},\"thumbnailUrl\":\"https:\\\/\\\/www.kojiroakagi.com\\\/kojiroakagi_wp\\\/wp-content\\\/uploads\\\/2021\\\/06\\\/Invitation-Salon-Beaux-Arts-2020.jpg\",\"inLanguage\":\"fr-FR\",\"potentialAction\":[{\"@type\":\"CommentAction\",\"name\":\"Comment\",\"target\":[\"https:\\\/\\\/www.kojiroakagi.com\\\/kojiroakagi_wp\\\/%e3%82%b5%e3%83%ad%e3%83%b3-%e3%83%87-%e3%83%9c%e3%82%b6%e3%83%bc%e3%83%ab%e5%b1%95-lart-un-lien-entre-paris-et-tokyo\\\/#respond\"]}]},{\"@type\":\"WebPage\",\"@id\":\"https:\\\/\\\/www.kojiroakagi.com\\\/kojiroakagi_wp\\\/%e3%82%b5%e3%83%ad%e3%83%b3-%e3%83%87-%e3%83%9c%e3%82%b6%e3%83%bc%e3%83%ab%e5%b1%95-lart-un-lien-entre-paris-et-tokyo\\\/\",\"url\":\"https:\\\/\\\/www.kojiroakagi.com\\\/kojiroakagi_wp\\\/%e3%82%b5%e3%83%ad%e3%83%b3-%e3%83%87-%e3%83%9c%e3%82%b6%e3%83%bc%e3%83%ab%e5%b1%95-lart-un-lien-entre-paris-et-tokyo\\\/\",\"name\":\"\u30b5\u30ed\u30f3 \u30c7 \u30dc\u30b6\u30fc\u30eb\u5c55 L'art un lien entre Paris et Tokyo - Fonds de Dotation Kojiro AKAGI\",\"isPartOf\":{\"@id\":\"https:\\\/\\\/www.kojiroakagi.com\\\/kojiroakagi_wp\\\/#website\"},\"primaryImageOfPage\":{\"@id\":\"https:\\\/\\\/www.kojiroakagi.com\\\/kojiroakagi_wp\\\/%e3%82%b5%e3%83%ad%e3%83%b3-%e3%83%87-%e3%83%9c%e3%82%b6%e3%83%bc%e3%83%ab%e5%b1%95-lart-un-lien-entre-paris-et-tokyo\\\/#primaryimage\"},\"image\":{\"@id\":\"https:\\\/\\\/www.kojiroakagi.com\\\/kojiroakagi_wp\\\/%e3%82%b5%e3%83%ad%e3%83%b3-%e3%83%87-%e3%83%9c%e3%82%b6%e3%83%bc%e3%83%ab%e5%b1%95-lart-un-lien-entre-paris-et-tokyo\\\/#primaryimage\"},\"thumbnailUrl\":\"https:\\\/\\\/www.kojiroakagi.com\\\/kojiroakagi_wp\\\/wp-content\\\/uploads\\\/2021\\\/06\\\/Invitation-Salon-Beaux-Arts-2020.jpg\",\"datePublished\":\"2021-06-24T14:10:00+00:00\",\"dateModified\":\"2021-06-26T12:51:34+00:00\",\"breadcrumb\":{\"@id\":\"https:\\\/\\\/www.kojiroakagi.com\\\/kojiroakagi_wp\\\/%e3%82%b5%e3%83%ad%e3%83%b3-%e3%83%87-%e3%83%9c%e3%82%b6%e3%83%bc%e3%83%ab%e5%b1%95-lart-un-lien-entre-paris-et-tokyo\\\/#breadcrumb\"},\"inLanguage\":\"fr-FR\",\"potentialAction\":[{\"@type\":\"ReadAction\",\"target\":[\"https:\\\/\\\/www.kojiroakagi.com\\\/kojiroakagi_wp\\\/%e3%82%b5%e3%83%ad%e3%83%b3-%e3%83%87-%e3%83%9c%e3%82%b6%e3%83%bc%e3%83%ab%e5%b1%95-lart-un-lien-entre-paris-et-tokyo\\\/\"]}]},{\"@type\":\"ImageObject\",\"inLanguage\":\"fr-FR\",\"@id\":\"https:\\\/\\\/www.kojiroakagi.com\\\/kojiroakagi_wp\\\/%e3%82%b5%e3%83%ad%e3%83%b3-%e3%83%87-%e3%83%9c%e3%82%b6%e3%83%bc%e3%83%ab%e5%b1%95-lart-un-lien-entre-paris-et-tokyo\\\/#primaryimage\",\"url\":\"https:\\\/\\\/www.kojiroakagi.com\\\/kojiroakagi_wp\\\/wp-content\\\/uploads\\\/2021\\\/06\\\/Invitation-Salon-Beaux-Arts-2020.jpg\",\"contentUrl\":\"https:\\\/\\\/www.kojiroakagi.com\\\/kojiroakagi_wp\\\/wp-content\\\/uploads\\\/2021\\\/06\\\/Invitation-Salon-Beaux-Arts-2020.jpg\",\"width\":2401,\"height\":1196},{\"@type\":\"BreadcrumbList\",\"@id\":\"https:\\\/\\\/www.kojiroakagi.com\\\/kojiroakagi_wp\\\/%e3%82%b5%e3%83%ad%e3%83%b3-%e3%83%87-%e3%83%9c%e3%82%b6%e3%83%bc%e3%83%ab%e5%b1%95-lart-un-lien-entre-paris-et-tokyo\\\/#breadcrumb\",\"itemListElement\":[{\"@type\":\"ListItem\",\"position\":1,\"name\":\"Accueil\",\"item\":\"https:\\\/\\\/www.kojiroakagi.com\\\/kojiroakagi_wp\\\/\"},{\"@type\":\"ListItem\",\"position\":2,\"name\":\"\u30b5\u30ed\u30f3 \u30c7 \u30dc\u30b6\u30fc\u30eb\u5c55 L&rsquo;art un lien entre Paris et Tokyo\"}]},{\"@type\":\"WebSite\",\"@id\":\"https:\\\/\\\/www.kojiroakagi.com\\\/kojiroakagi_wp\\\/#website\",\"url\":\"https:\\\/\\\/www.kojiroakagi.com\\\/kojiroakagi_wp\\\/\",\"name\":\"Fonds de Dotation Kojiro AKAGI\",\"description\":\"Le plus parisien des peintres japonais\",\"publisher\":{\"@id\":\"https:\\\/\\\/www.kojiroakagi.com\\\/kojiroakagi_wp\\\/#organization\"},\"potentialAction\":[{\"@type\":\"SearchAction\",\"target\":{\"@type\":\"EntryPoint\",\"urlTemplate\":\"https:\\\/\\\/www.kojiroakagi.com\\\/kojiroakagi_wp\\\/?s={search_term_string}\"},\"query-input\":{\"@type\":\"PropertyValueSpecification\",\"valueRequired\":true,\"valueName\":\"search_term_string\"}}],\"inLanguage\":\"fr-FR\"},{\"@type\":\"Organization\",\"@id\":\"https:\\\/\\\/www.kojiroakagi.com\\\/kojiroakagi_wp\\\/#organization\",\"name\":\"Fonds de Dotation Kojiro AKAGI\",\"url\":\"https:\\\/\\\/www.kojiroakagi.com\\\/kojiroakagi_wp\\\/\",\"logo\":{\"@type\":\"ImageObject\",\"inLanguage\":\"fr-FR\",\"@id\":\"https:\\\/\\\/www.kojiroakagi.com\\\/kojiroakagi_wp\\\/#\\\/schema\\\/logo\\\/image\\\/\",\"url\":\"https:\\\/\\\/www.kojiroakagi.com\\\/kojiroakagi_wp\\\/wp-content\\\/uploads\\\/2023\\\/09\\\/cropped-8e84c50b879d24d8f2289ced01263d2c-1-PhotoRoom.png-PhotoRoom.png\",\"contentUrl\":\"https:\\\/\\\/www.kojiroakagi.com\\\/kojiroakagi_wp\\\/wp-content\\\/uploads\\\/2023\\\/09\\\/cropped-8e84c50b879d24d8f2289ced01263d2c-1-PhotoRoom.png-PhotoRoom.png\",\"width\":788,\"height\":315,\"caption\":\"Fonds de Dotation Kojiro AKAGI\"},\"image\":{\"@id\":\"https:\\\/\\\/www.kojiroakagi.com\\\/kojiroakagi_wp\\\/#\\\/schema\\\/logo\\\/image\\\/\"},\"sameAs\":[\"https:\\\/\\\/www.facebook.com\\\/AKAGIKojiro\\\/?locale=fr_FR\",\"https:\\\/\\\/www.instagram.com\\\/fondskojiroakagi\\\/?locale=ne_NP&hl=ar\"]},{\"@type\":\"Person\",\"@id\":\"https:\\\/\\\/www.kojiroakagi.com\\\/kojiroakagi_wp\\\/#\\\/schema\\\/person\\\/60b24ac99a9f4d1375fea53829535024\",\"name\":\"KojiroMAX\",\"image\":{\"@type\":\"ImageObject\",\"inLanguage\":\"fr-FR\",\"@id\":\"https:\\\/\\\/secure.gravatar.com\\\/avatar\\\/d51c3285c811844f54410ca23c3c4bbdc314fcb431879dd4fe4122044f72c27c?s=96&d=mm&r=g\",\"url\":\"https:\\\/\\\/secure.gravatar.com\\\/avatar\\\/d51c3285c811844f54410ca23c3c4bbdc314fcb431879dd4fe4122044f72c27c?s=96&d=mm&r=g\",\"contentUrl\":\"https:\\\/\\\/secure.gravatar.com\\\/avatar\\\/d51c3285c811844f54410ca23c3c4bbdc314fcb431879dd4fe4122044f72c27c?s=96&d=mm&r=g\",\"caption\":\"KojiroMAX\"},\"sameAs\":[\"http:\\\/\\\/www.kojiroakagi.com\\\/kojiroakagi_wp\"],\"url\":\"https:\\\/\\\/www.kojiroakagi.com\\\/kojiroakagi_wp\\\/author\\\/kojiromax\\\/\"}]}<\/script>\n<!-- \/ Yoast SEO plugin. -->","yoast_head_json":{"title":"\u30b5\u30ed\u30f3 \u30c7 \u30dc\u30b6\u30fc\u30eb\u5c55 L'art un lien entre Paris et Tokyo - Fonds de Dotation Kojiro AKAGI","robots":{"index":"index","follow":"follow","max-snippet":"max-snippet:-1","max-image-preview":"max-image-preview:large","max-video-preview":"max-video-preview:-1"},"canonical":"https:\/\/www.kojiroakagi.com\/kojiroakagi_wp\/\u30b5\u30ed\u30f3-\u30c7-\u30dc\u30b6\u30fc\u30eb\u5c55-lart-un-lien-entre-paris-et-tokyo\/","og_locale":"fr_FR","og_type":"article","og_title":"\u30b5\u30ed\u30f3 \u30c7 \u30dc\u30b6\u30fc\u30eb\u5c55 L'art un lien entre Paris et Tokyo - Fonds de Dotation Kojiro AKAGI","og_description":"Retrouver les \u0153uvres de Kojiro AKAGI \u00e0 l&rsquo;occasion de l&rsquo;Exposition SNBA &#8211; Salon des Beaux-Arts,du 22 juin 2021 au 3 juillet 2021 \u00e0 Paris La Maison de la culture du Japon \u00e0 Paris accueillera l&rsquo;\u00c9dition 2020 du Salon des Beaux Arts, organis\u00e9 par la Soci\u00e9t\u00e9 Nationale des Beaux Arts et plac\u00e9 sous le Haut patronage du Pr\u00e9sident de la R\u00e9publique. Plus d&rsquo;une cinquantaine d&rsquo;\u0153uvres seront expos\u00e9es m\u00ealant sculpture, peinture, sculpture c\u00e9ramique et gravure. Fond\u00e9 en 1861 par Louis Martinet et Th\u00e9ophile Gautier avec pour vocation de \u00ab\u00a0rendre l&rsquo;art ind\u00e9pendant et apprendre aux artistes \u00e0 s&rsquo;occuper eux-m\u00eames leurs affaires\u00a0\u00bb, le Salon des Beaux Arts a entretenu depuis ses d\u00e9buts des liens \u00e9troits avec le Japon et ses artistes.L&rsquo;\u00e9crivaine Muriel Barbery, qui a v\u00e9cu \u00e0 Kyoto quelques ann\u00e9es et dont le cinqui\u00e8me et dernier roman se situe dans cette ville, sera la marraine du Salon 2020 et la pr\u00e9sidente du Jury. Entr\u00e9e libreHall d&rsquo;accueil (Rez-de-chauss\u00e9e)Du mardi au samedi &#8211; de 11h \u00e0 19h Organisation : Soci\u00e9t\u00e9 Nationale des Beaux Arts https:\/\/www.mcjp.fr\/fr\/agenda\/salon-des-beaux-arts ADRESSE DE LA MCJP :101 bis, quai Branly &#8211; 75015 Paris METRO : Ligne 6 : M\u00b0 Bir-Hakeim &#8211; RER C : Champ de Mars \u2013 Tour Eiffel","og_url":"https:\/\/www.kojiroakagi.com\/kojiroakagi_wp\/\u30b5\u30ed\u30f3-\u30c7-\u30dc\u30b6\u30fc\u30eb\u5c55-lart-un-lien-entre-paris-et-tokyo\/","og_site_name":"Fonds de Dotation Kojiro AKAGI","article_publisher":"https:\/\/www.facebook.com\/AKAGIKojiro\/?locale=fr_FR","article_published_time":"2021-06-24T14:10:00+00:00","article_modified_time":"2021-06-26T12:51:34+00:00","og_image":[{"width":2401,"height":1196,"url":"https:\/\/www.kojiroakagi.com\/kojiroakagi_wp\/wp-content\/uploads\/2021\/06\/Invitation-Salon-Beaux-Arts-2020.jpg","type":"image\/jpeg"}],"author":"KojiroMAX","twitter_card":"summary_large_image","twitter_misc":{"\u00c9crit par":"KojiroMAX","Dur\u00e9e de lecture estim\u00e9e":"1 minute"},"schema":{"@context":"https:\/\/schema.org","@graph":[{"@type":"Article","@id":"https:\/\/www.kojiroakagi.com\/kojiroakagi_wp\/%e3%82%b5%e3%83%ad%e3%83%b3-%e3%83%87-%e3%83%9c%e3%82%b6%e3%83%bc%e3%83%ab%e5%b1%95-lart-un-lien-entre-paris-et-tokyo\/#article","isPartOf":{"@id":"https:\/\/www.kojiroakagi.com\/kojiroakagi_wp\/%e3%82%b5%e3%83%ad%e3%83%b3-%e3%83%87-%e3%83%9c%e3%82%b6%e3%83%bc%e3%83%ab%e5%b1%95-lart-un-lien-entre-paris-et-tokyo\/"},"author":{"name":"KojiroMAX","@id":"https:\/\/www.kojiroakagi.com\/kojiroakagi_wp\/#\/schema\/person\/60b24ac99a9f4d1375fea53829535024"},"headline":"\u30b5\u30ed\u30f3 \u30c7 \u30dc\u30b6\u30fc\u30eb\u5c55 L&rsquo;art un lien entre Paris et Tokyo","datePublished":"2021-06-24T14:10:00+00:00","dateModified":"2021-06-26T12:51:34+00:00","mainEntityOfPage":{"@id":"https:\/\/www.kojiroakagi.com\/kojiroakagi_wp\/%e3%82%b5%e3%83%ad%e3%83%b3-%e3%83%87-%e3%83%9c%e3%82%b6%e3%83%bc%e3%83%ab%e5%b1%95-lart-un-lien-entre-paris-et-tokyo\/"},"wordCount":218,"commentCount":0,"publisher":{"@id":"https:\/\/www.kojiroakagi.com\/kojiroakagi_wp\/#organization"},"image":{"@id":"https:\/\/www.kojiroakagi.com\/kojiroakagi_wp\/%e3%82%b5%e3%83%ad%e3%83%b3-%e3%83%87-%e3%83%9c%e3%82%b6%e3%83%bc%e3%83%ab%e5%b1%95-lart-un-lien-entre-paris-et-tokyo\/#primaryimage"},"thumbnailUrl":"https:\/\/www.kojiroakagi.com\/kojiroakagi_wp\/wp-content\/uploads\/2021\/06\/Invitation-Salon-Beaux-Arts-2020.jpg","inLanguage":"fr-FR","potentialAction":[{"@type":"CommentAction","name":"Comment","target":["https:\/\/www.kojiroakagi.com\/kojiroakagi_wp\/%e3%82%b5%e3%83%ad%e3%83%b3-%e3%83%87-%e3%83%9c%e3%82%b6%e3%83%bc%e3%83%ab%e5%b1%95-lart-un-lien-entre-paris-et-tokyo\/#respond"]}]},{"@type":"WebPage","@id":"https:\/\/www.kojiroakagi.com\/kojiroakagi_wp\/%e3%82%b5%e3%83%ad%e3%83%b3-%e3%83%87-%e3%83%9c%e3%82%b6%e3%83%bc%e3%83%ab%e5%b1%95-lart-un-lien-entre-paris-et-tokyo\/","url":"https:\/\/www.kojiroakagi.com\/kojiroakagi_wp\/%e3%82%b5%e3%83%ad%e3%83%b3-%e3%83%87-%e3%83%9c%e3%82%b6%e3%83%bc%e3%83%ab%e5%b1%95-lart-un-lien-entre-paris-et-tokyo\/","name":"\u30b5\u30ed\u30f3 \u30c7 \u30dc\u30b6\u30fc\u30eb\u5c55 L'art un lien entre Paris et Tokyo - Fonds de Dotation Kojiro AKAGI","isPartOf":{"@id":"https:\/\/www.kojiroakagi.com\/kojiroakagi_wp\/#website"},"primaryImageOfPage":{"@id":"https:\/\/www.kojiroakagi.com\/kojiroakagi_wp\/%e3%82%b5%e3%83%ad%e3%83%b3-%e3%83%87-%e3%83%9c%e3%82%b6%e3%83%bc%e3%83%ab%e5%b1%95-lart-un-lien-entre-paris-et-tokyo\/#primaryimage"},"image":{"@id":"https:\/\/www.kojiroakagi.com\/kojiroakagi_wp\/%e3%82%b5%e3%83%ad%e3%83%b3-%e3%83%87-%e3%83%9c%e3%82%b6%e3%83%bc%e3%83%ab%e5%b1%95-lart-un-lien-entre-paris-et-tokyo\/#primaryimage"},"thumbnailUrl":"https:\/\/www.kojiroakagi.com\/kojiroakagi_wp\/wp-content\/uploads\/2021\/06\/Invitation-Salon-Beaux-Arts-2020.jpg","datePublished":"2021-06-24T14:10:00+00:00","dateModified":"2021-06-26T12:51:34+00:00","breadcrumb":{"@id":"https:\/\/www.kojiroakagi.com\/kojiroakagi_wp\/%e3%82%b5%e3%83%ad%e3%83%b3-%e3%83%87-%e3%83%9c%e3%82%b6%e3%83%bc%e3%83%ab%e5%b1%95-lart-un-lien-entre-paris-et-tokyo\/#breadcrumb"},"inLanguage":"fr-FR","potentialAction":[{"@type":"ReadAction","target":["https:\/\/www.kojiroakagi.com\/kojiroakagi_wp\/%e3%82%b5%e3%83%ad%e3%83%b3-%e3%83%87-%e3%83%9c%e3%82%b6%e3%83%bc%e3%83%ab%e5%b1%95-lart-un-lien-entre-paris-et-tokyo\/"]}]},{"@type":"ImageObject","inLanguage":"fr-FR","@id":"https:\/\/www.kojiroakagi.com\/kojiroakagi_wp\/%e3%82%b5%e3%83%ad%e3%83%b3-%e3%83%87-%e3%83%9c%e3%82%b6%e3%83%bc%e3%83%ab%e5%b1%95-lart-un-lien-entre-paris-et-tokyo\/#primaryimage","url":"https:\/\/www.kojiroakagi.com\/kojiroakagi_wp\/wp-content\/uploads\/2021\/06\/Invitation-Salon-Beaux-Arts-2020.jpg","contentUrl":"https:\/\/www.kojiroakagi.com\/kojiroakagi_wp\/wp-content\/uploads\/2021\/06\/Invitation-Salon-Beaux-Arts-2020.jpg","width":2401,"height":1196},{"@type":"BreadcrumbList","@id":"https:\/\/www.kojiroakagi.com\/kojiroakagi_wp\/%e3%82%b5%e3%83%ad%e3%83%b3-%e3%83%87-%e3%83%9c%e3%82%b6%e3%83%bc%e3%83%ab%e5%b1%95-lart-un-lien-entre-paris-et-tokyo\/#breadcrumb","itemListElement":[{"@type":"ListItem","position":1,"name":"Accueil","item":"https:\/\/www.kojiroakagi.com\/kojiroakagi_wp\/"},{"@type":"ListItem","position":2,"name":"\u30b5\u30ed\u30f3 \u30c7 \u30dc\u30b6\u30fc\u30eb\u5c55 L&rsquo;art un lien entre Paris et Tokyo"}]},{"@type":"WebSite","@id":"https:\/\/www.kojiroakagi.com\/kojiroakagi_wp\/#website","url":"https:\/\/www.kojiroakagi.com\/kojiroakagi_wp\/","name":"Fonds de Dotation Kojiro AKAGI","description":"Le plus parisien des peintres japonais","publisher":{"@id":"https:\/\/www.kojiroakagi.com\/kojiroakagi_wp\/#organization"},"potentialAction":[{"@type":"SearchAction","target":{"@type":"EntryPoint","urlTemplate":"https:\/\/www.kojiroakagi.com\/kojiroakagi_wp\/?s={search_term_string}"},"query-input":{"@type":"PropertyValueSpecification","valueRequired":true,"valueName":"search_term_string"}}],"inLanguage":"fr-FR"},{"@type":"Organization","@id":"https:\/\/www.kojiroakagi.com\/kojiroakagi_wp\/#organization","name":"Fonds de Dotation Kojiro AKAGI","url":"https:\/\/www.kojiroakagi.com\/kojiroakagi_wp\/","logo":{"@type":"ImageObject","inLanguage":"fr-FR","@id":"https:\/\/www.kojiroakagi.com\/kojiroakagi_wp\/#\/schema\/logo\/image\/","url":"https:\/\/www.kojiroakagi.com\/kojiroakagi_wp\/wp-content\/uploads\/2023\/09\/cropped-8e84c50b879d24d8f2289ced01263d2c-1-PhotoRoom.png-PhotoRoom.png","contentUrl":"https:\/\/www.kojiroakagi.com\/kojiroakagi_wp\/wp-content\/uploads\/2023\/09\/cropped-8e84c50b879d24d8f2289ced01263d2c-1-PhotoRoom.png-PhotoRoom.png","width":788,"height":315,"caption":"Fonds de Dotation Kojiro AKAGI"},"image":{"@id":"https:\/\/www.kojiroakagi.com\/kojiroakagi_wp\/#\/schema\/logo\/image\/"},"sameAs":["https:\/\/www.facebook.com\/AKAGIKojiro\/?locale=fr_FR","https:\/\/www.instagram.com\/fondskojiroakagi\/?locale=ne_NP&hl=ar"]},{"@type":"Person","@id":"https:\/\/www.kojiroakagi.com\/kojiroakagi_wp\/#\/schema\/person\/60b24ac99a9f4d1375fea53829535024","name":"KojiroMAX","image":{"@type":"ImageObject","inLanguage":"fr-FR","@id":"https:\/\/secure.gravatar.com\/avatar\/d51c3285c811844f54410ca23c3c4bbdc314fcb431879dd4fe4122044f72c27c?s=96&d=mm&r=g","url":"https:\/\/secure.gravatar.com\/avatar\/d51c3285c811844f54410ca23c3c4bbdc314fcb431879dd4fe4122044f72c27c?s=96&d=mm&r=g","contentUrl":"https:\/\/secure.gravatar.com\/avatar\/d51c3285c811844f54410ca23c3c4bbdc314fcb431879dd4fe4122044f72c27c?s=96&d=mm&r=g","caption":"KojiroMAX"},"sameAs":["http:\/\/www.kojiroakagi.com\/kojiroakagi_wp"],"url":"https:\/\/www.kojiroakagi.com\/kojiroakagi_wp\/author\/kojiromax\/"}]}},"_links":{"self":[{"href":"https:\/\/www.kojiroakagi.com\/kojiroakagi_wp\/wp-json\/wp\/v2\/posts\/26","targetHints":{"allow":["GET"]}}],"collection":[{"href":"https:\/\/www.kojiroakagi.com\/kojiroakagi_wp\/wp-json\/wp\/v2\/posts"}],"about":[{"href":"https:\/\/www.kojiroakagi.com\/kojiroakagi_wp\/wp-json\/wp\/v2\/types\/post"}],"author":[{"embeddable":true,"href":"https:\/\/www.kojiroakagi.com\/kojiroakagi_wp\/wp-json\/wp\/v2\/users\/1"}],"replies":[{"embeddable":true,"href":"https:\/\/www.kojiroakagi.com\/kojiroakagi_wp\/wp-json\/wp\/v2\/comments?post=26"}],"version-history":[{"count":4,"href":"https:\/\/www.kojiroakagi.com\/kojiroakagi_wp\/wp-json\/wp\/v2\/posts\/26\/revisions"}],"predecessor-version":[{"id":52,"href":"https:\/\/www.kojiroakagi.com\/kojiroakagi_wp\/wp-json\/wp\/v2\/posts\/26\/revisions\/52"}],"wp:featuredmedia":[{"embeddable":true,"href":"https:\/\/www.kojiroakagi.com\/kojiroakagi_wp\/wp-json\/wp\/v2\/media\/47"}],"wp:attachment":[{"href":"https:\/\/www.kojiroakagi.com\/kojiroakagi_wp\/wp-json\/wp\/v2\/media?parent=26"}],"wp:term":[{"taxonomy":"category","embeddable":true,"href":"https:\/\/www.kojiroakagi.com\/kojiroakagi_wp\/wp-json\/wp\/v2\/categories?post=26"},{"taxonomy":"post_tag","embeddable":true,"href":"https:\/\/www.kojiroakagi.com\/kojiroakagi_wp\/wp-json\/wp\/v2\/tags?post=26"}],"curies":[{"name":"wp","href":"https:\/\/api.w.org\/{rel}","templated":true}]}}