{"id":290,"date":"2022-02-02T23:04:00","date_gmt":"2022-02-02T22:04:00","guid":{"rendered":"http:\/\/www.kojiroakagi.com\/kojiroakagi_wp\/?p=290"},"modified":"2022-02-03T00:28:50","modified_gmt":"2022-02-02T23:28:50","slug":"kojiro-akagi-ouverture-officielle-de-lexposition-paris-je-taime-pour-leternite-le-3-fevrier-2022","status":"publish","type":"post","link":"https:\/\/www.kojiroakagi.com\/kojiroakagi_wp\/kojiro-akagi-ouverture-officielle-de-lexposition-paris-je-taime-pour-leternite-le-3-fevrier-2022\/","title":{"rendered":"Kojiro AKAGI : ouverture officielle de l\u2019exposition \u00ab Paris, je t\u2019aime ! pour l\u2019eternit\u00e9\u2026 \u00bb le 3 f\u00e9vrier 2022 !"},"content":{"rendered":"<p style=\"text-align: right;\">Paris, le 3 f\u00e9vrier 2022<\/p>\n<h2><strong>Le 3 f\u00e9vrier 2022, \u00e0 partir de 18h00 et jusqu\u2019\u00e0 21h00,<\/strong><\/h2>\n<h2>je vous invite \u00e0 l\u2019ouverture officielle de l\u2019exposition \u00ab Paris, je t\u2019aime ! pour l\u2019eternit\u00e9\u2026 \u00bb<br \/>\nde notre tr\u00e8s cher ami Kojiro Akagi disparu le 15 f\u00e9vrier 2021.<\/h2>\n<p><a href=\"http:\/\/www.kojiroakagi.com\/\" target=\"_blank\" rel=\"noopener\"><img loading=\"lazy\" decoding=\"async\" class=\"alignnone wp-image-293 size-full\" src=\"https:\/\/www.kojiroakagi.com\/kojiroakagi_wp\/wp-content\/uploads\/2022\/02\/20220203_Kojiro_AKAGI_MCJP.png\" alt=\"\" width=\"1748\" height=\"1242\" srcset=\"https:\/\/www.kojiroakagi.com\/kojiroakagi_wp\/wp-content\/uploads\/2022\/02\/20220203_Kojiro_AKAGI_MCJP.png 1748w, https:\/\/www.kojiroakagi.com\/kojiroakagi_wp\/wp-content\/uploads\/2022\/02\/20220203_Kojiro_AKAGI_MCJP-300x213.png 300w, https:\/\/www.kojiroakagi.com\/kojiroakagi_wp\/wp-content\/uploads\/2022\/02\/20220203_Kojiro_AKAGI_MCJP-1024x728.png 1024w, https:\/\/www.kojiroakagi.com\/kojiroakagi_wp\/wp-content\/uploads\/2022\/02\/20220203_Kojiro_AKAGI_MCJP-768x546.png 768w, https:\/\/www.kojiroakagi.com\/kojiroakagi_wp\/wp-content\/uploads\/2022\/02\/20220203_Kojiro_AKAGI_MCJP-1536x1091.png 1536w\" sizes=\"auto, (max-width: 1748px) 100vw, 1748px\" \/><\/a><\/p>\n<p><strong>Exposition \u00e0 la MCJP \u2013 Maison de la culture du Japon \u2013 101 bis, quai Branly, 75015 Paris<\/strong><br \/>\ndevenu 1 quai de Jacques Chirac 75015 Paris<\/p>\n<p>Un an apr\u00e8s la disparition de l\u2019artiste, la pand\u00e9mie n\u2019est h\u00e9las, toujours pas termin\u00e9e et cette ouverture \/ hommage sera encore sans coktail et en nombre d\u2019invit\u00e9s tr\u00e8s restreint.<\/p>\n<p style=\"padding-left: 120px;\"><strong>RSVP Merci de confirmer votre pr\u00e9sence<\/strong> \u00e0 Varvara Karpechenkova \u2013 <a href=\"mailto:varvara@galeriedeparis.fr\" target=\"_blank\" rel=\"noopener\">varvara@galeriedeparis.fr<\/a> &#8211; ou SMS au\u00a0+33 6 44 19 70 71 : 0644197071<\/p>\n<p>Le 3 f\u00e9vrier il y aura lieu quelques discours qui seront retransmis sur le compte <a href=\"https:\/\/www.instagram.com\/galerie.de.paris\/\" target=\"_blank\" rel=\"noopener\">instagram<\/a> @galerie.de.paris<br \/>\net bonne nouvelle, il y a d\u00e9j\u00e0 un planning de visites guid\u00e9es en plusieurs langues.<\/p>\n<p>Cette exposition est produite par par le <strong>Fonds de Dotation Kojiro Akagi<\/strong>, cr\u00e9e par l\u2019artiste et qui pourra assurer sa p\u00e9rennit\u00e9.<\/p>\n<p>&nbsp;<\/p>\n<p style=\"text-align: right;\"><strong>Jean-Luc Masson,<br \/>\npr\u00e9sident du Fonds de dotation Kojiro AKAGI<\/strong><\/p>\n<p>&nbsp;<\/p>\n<hr \/>\n<p><strong>Maison de la culture du Japon \u2013 101 bis, quai Branly, 75015 Paris<\/strong><\/p>\n<p>Hall d\u2019accueil (Rez-de-chauss\u00e9e) &#8211;\u00a0Entr\u00e9e libre<br \/>\nDu mardi au samedi de 11h \u00e0 19h \/\u00a0Les jeudis jusqu\u2019\u00e0 21h<\/p>\n<p><a href=\"https:\/\/www.mcjp.fr\/fr\/agenda\/paris-je-taime-pour-leternite\" target=\"_blank\" rel=\"noopener\">https:\/\/www.mcjp.fr\/fr\/agenda\/paris-je-taime-pour-leternite<\/a><\/p>\n<p><strong>Informations compl\u00e9mentaires \/\u00a0<\/strong>Correspondance si\u00e8ge :<\/p>\n<p>Fonds de dotation Kojiro AKAGI &#8211; <a href=\"http:\/\/kojiroakagi.com\" target=\"_blank\" rel=\"noopener\">kojiroakagi.com<\/a><br \/>\n37 rue de la Croix Nivert \u2013 75015 Paris \u2013 France<\/p>\n<p>SIRET : 883 258 444 00016 \u2013 APE 9001Z \u2013 Fondation<\/p>\n<p>&nbsp;<\/p>\n<hr \/>\n<p><strong>A noter \u00e9galement, le 15 f\u00e9vrier 2022, il y aura \u00e9galement un hommage rendu \u00e0 Kojiro AKAGI au Salon de la peinture \u00e0 l\u2019eau qui se tiendra \u00e0 Art Capital .<\/strong><\/p>\n<p><a href=\"https:\/\/peinturealeau.com\" target=\"_blank\" rel=\"noopener\">https:\/\/peinturealeau.com<\/a><\/p>\n<p>&nbsp;<\/p>\n<hr \/>\n<p>&nbsp;<\/p>\n<p>Pour visualiser ce message dans votre navigateur : <a href=\"https:\/\/www.kojiroakagi.com\/kojiroakagi_wp\/kojiro-akagi-ouverture-officielle-de-lexposition-paris-je-taime-pour-leternite-le-3-fevrier-2022\/\" target=\"_blank\" rel=\"noopener\">https:\/\/www.kojiroakagi.com\/kojiroakagi_wp\/kojiro-akagi-ouverture-officielle-de-lexposition-paris-je-taime-pour-leternite-le-3-fevrier-2022\/<\/a><\/p>\n<p>Si vous souhaitez vous d\u00e9sabonner [[UNSUB_LINK_FR]] et\/ou changer votre adresse<\/p>\n<p>A l\u2019attention de [[data:civilit\u00e9: \u00bb \u00bb]] [[data:firstname: \u00bb \u00bb]] [[data:lastname: \u00bb \u00bb]]<\/p>\n","protected":false},"excerpt":{"rendered":"<p>Paris, le 3 f\u00e9vrier 2022 Le 3 f\u00e9vrier 2022, \u00e0 partir de 18h00 et jusqu\u2019\u00e0 21h00, je vous invite \u00e0 l\u2019ouverture officielle de l\u2019exposition \u00ab Paris, je t\u2019aime ! pour l\u2019eternit\u00e9\u2026 \u00bb de notre tr\u00e8s cher ami Kojiro Akagi disparu le 15 f\u00e9vrier 2021. Exposition \u00e0 la MCJP \u2013 Maison de la culture du Japon \u2013 101 bis, quai Branly, 75015 Paris devenu 1 quai de Jacques Chirac 75015 Paris Un an apr\u00e8s la disparition de l\u2019artiste, la pand\u00e9mie n\u2019est h\u00e9las, toujours pas termin\u00e9e et cette ouverture \/ hommage sera encore sans coktail et en nombre d\u2019invit\u00e9s tr\u00e8s restreint. RSVP Merci de confirmer votre pr\u00e9sence \u00e0 Varvara Karpechenkova \u2013 varvara@galeriedeparis.fr &#8211; ou SMS au\u00a0+33 6 44 19 70 71 : 0644197071 Le 3 f\u00e9vrier il y aura lieu quelques discours qui seront retransmis sur le compte instagram @galerie.de.paris et bonne nouvelle, il y a d\u00e9j\u00e0 un planning de visites guid\u00e9es en plusieurs langues. Cette exposition est produite par par le Fonds de Dotation Kojiro Akagi, cr\u00e9e par l\u2019artiste et qui pourra assurer sa p\u00e9rennit\u00e9. &nbsp; Jean-Luc Masson, pr\u00e9sident du Fonds de dotation Kojiro AKAGI &nbsp; Maison de la culture du Japon \u2013 101 bis, quai Branly, 75015 Paris Hall d\u2019accueil (Rez-de-chauss\u00e9e) &#8211;\u00a0Entr\u00e9e libre Du mardi au samedi de 11h \u00e0 19h \/\u00a0Les jeudis jusqu\u2019\u00e0 21h https:\/\/www.mcjp.fr\/fr\/agenda\/paris-je-taime-pour-leternite Informations compl\u00e9mentaires \/\u00a0Correspondance si\u00e8ge : Fonds de dotation Kojiro AKAGI &#8211; kojiroakagi.com 37 rue de la Croix Nivert \u2013 75015 Paris \u2013 France SIRET : 883 258 444 00016 \u2013 APE 9001Z \u2013 Fondation &nbsp; A noter \u00e9galement, le 15 f\u00e9vrier 2022, il y aura \u00e9galement un hommage rendu \u00e0 Kojiro AKAGI au Salon de la peinture \u00e0 l\u2019eau qui se tiendra \u00e0 Art Capital . https:\/\/peinturealeau.com &nbsp; &nbsp; Pour visualiser ce message dans votre navigateur : https:\/\/www.kojiroakagi.com\/kojiroakagi_wp\/kojiro-akagi-ouverture-officielle-de-lexposition-paris-je-taime-pour-leternite-le-3-fevrier-2022\/ Si vous souhaitez vous d\u00e9sabonner [[UNSUB_LINK_FR]] et\/ou changer votre adresse A l\u2019attention de [[data:civilit\u00e9: \u00bb \u00bb]] [[data:firstname: \u00bb \u00bb]] [[data:lastname: \u00bb \u00bb]]<\/p>\n","protected":false},"author":1,"featured_media":293,"comment_status":"open","ping_status":"open","sticky":false,"template":"","format":"standard","meta":{"footnotes":""},"categories":[1],"tags":[],"class_list":["post-290","post","type-post","status-publish","format-standard","has-post-thumbnail","hentry","category-non-classe"],"yoast_head":"<!-- This site is optimized with the Yoast SEO plugin v27.5 - https:\/\/yoast.com\/product\/yoast-seo-wordpress\/ -->\n<title>Kojiro AKAGI : ouverture officielle de l\u2019exposition \u00ab Paris, je t\u2019aime ! pour l\u2019eternit\u00e9\u2026 \u00bb le 3 f\u00e9vrier 2022 ! - Fonds de Dotation Kojiro AKAGI<\/title>\n<meta name=\"robots\" content=\"index, follow, max-snippet:-1, max-image-preview:large, max-video-preview:-1\" \/>\n<link rel=\"canonical\" href=\"https:\/\/www.kojiroakagi.com\/kojiroakagi_wp\/kojiro-akagi-ouverture-officielle-de-lexposition-paris-je-taime-pour-leternite-le-3-fevrier-2022\/\" \/>\n<meta property=\"og:locale\" content=\"fr_FR\" \/>\n<meta property=\"og:type\" content=\"article\" \/>\n<meta property=\"og:title\" content=\"Kojiro AKAGI : ouverture officielle de l\u2019exposition \u00ab Paris, je t\u2019aime ! pour l\u2019eternit\u00e9\u2026 \u00bb le 3 f\u00e9vrier 2022 ! - Fonds de Dotation Kojiro AKAGI\" \/>\n<meta property=\"og:description\" content=\"Paris, le 3 f\u00e9vrier 2022 Le 3 f\u00e9vrier 2022, \u00e0 partir de 18h00 et jusqu\u2019\u00e0 21h00, je vous invite \u00e0 l\u2019ouverture officielle de l\u2019exposition \u00ab Paris, je t\u2019aime ! pour l\u2019eternit\u00e9\u2026 \u00bb de notre tr\u00e8s cher ami Kojiro Akagi disparu le 15 f\u00e9vrier 2021. Exposition \u00e0 la MCJP \u2013 Maison de la culture du Japon \u2013 101 bis, quai Branly, 75015 Paris devenu 1 quai de Jacques Chirac 75015 Paris Un an apr\u00e8s la disparition de l\u2019artiste, la pand\u00e9mie n\u2019est h\u00e9las, toujours pas termin\u00e9e et cette ouverture \/ hommage sera encore sans coktail et en nombre d\u2019invit\u00e9s tr\u00e8s restreint. RSVP Merci de confirmer votre pr\u00e9sence \u00e0 Varvara Karpechenkova \u2013 varvara@galeriedeparis.fr &#8211; ou SMS au\u00a0+33 6 44 19 70 71 : 0644197071 Le 3 f\u00e9vrier il y aura lieu quelques discours qui seront retransmis sur le compte instagram @galerie.de.paris et bonne nouvelle, il y a d\u00e9j\u00e0 un planning de visites guid\u00e9es en plusieurs langues. Cette exposition est produite par par le Fonds de Dotation Kojiro Akagi, cr\u00e9e par l\u2019artiste et qui pourra assurer sa p\u00e9rennit\u00e9. &nbsp; Jean-Luc Masson, pr\u00e9sident du Fonds de dotation Kojiro AKAGI &nbsp; Maison de la culture du Japon \u2013 101 bis, quai Branly, 75015 Paris Hall d\u2019accueil (Rez-de-chauss\u00e9e) &#8211;\u00a0Entr\u00e9e libre Du mardi au samedi de 11h \u00e0 19h \/\u00a0Les jeudis jusqu\u2019\u00e0 21h https:\/\/www.mcjp.fr\/fr\/agenda\/paris-je-taime-pour-leternite Informations compl\u00e9mentaires \/\u00a0Correspondance si\u00e8ge : Fonds de dotation Kojiro AKAGI &#8211; kojiroakagi.com 37 rue de la Croix Nivert \u2013 75015 Paris \u2013 France SIRET : 883 258 444 00016 \u2013 APE 9001Z \u2013 Fondation &nbsp; A noter \u00e9galement, le 15 f\u00e9vrier 2022, il y aura \u00e9galement un hommage rendu \u00e0 Kojiro AKAGI au Salon de la peinture \u00e0 l\u2019eau qui se tiendra \u00e0 Art Capital . https:\/\/peinturealeau.com &nbsp; &nbsp; Pour visualiser ce message dans votre navigateur : https:\/\/www.kojiroakagi.com\/kojiroakagi_wp\/kojiro-akagi-ouverture-officielle-de-lexposition-paris-je-taime-pour-leternite-le-3-fevrier-2022\/ Si vous souhaitez vous d\u00e9sabonner [[UNSUB_LINK_FR]] et\/ou changer votre adresse A l\u2019attention de [[data:civilit\u00e9: \u00bb \u00bb]] [[data:firstname: \u00bb \u00bb]] [[data:lastname: \u00bb \u00bb]]\" \/>\n<meta property=\"og:url\" content=\"https:\/\/www.kojiroakagi.com\/kojiroakagi_wp\/kojiro-akagi-ouverture-officielle-de-lexposition-paris-je-taime-pour-leternite-le-3-fevrier-2022\/\" \/>\n<meta property=\"og:site_name\" content=\"Fonds de Dotation Kojiro AKAGI\" \/>\n<meta property=\"article:publisher\" content=\"https:\/\/www.facebook.com\/AKAGIKojiro\/?locale=fr_FR\" \/>\n<meta property=\"article:published_time\" content=\"2022-02-02T22:04:00+00:00\" \/>\n<meta property=\"article:modified_time\" content=\"2022-02-02T23:28:50+00:00\" \/>\n<meta property=\"og:image\" content=\"https:\/\/www.kojiroakagi.com\/kojiroakagi_wp\/wp-content\/uploads\/2022\/02\/20220203_Kojiro_AKAGI_MCJP.png\" \/>\n\t<meta property=\"og:image:width\" content=\"1748\" \/>\n\t<meta property=\"og:image:height\" content=\"1242\" \/>\n\t<meta property=\"og:image:type\" content=\"image\/png\" \/>\n<meta name=\"author\" content=\"KojiroMAX\" \/>\n<meta name=\"twitter:card\" content=\"summary_large_image\" \/>\n<meta name=\"twitter:label1\" content=\"\u00c9crit par\" \/>\n\t<meta name=\"twitter:data1\" content=\"KojiroMAX\" \/>\n\t<meta name=\"twitter:label2\" content=\"Dur\u00e9e de lecture estim\u00e9e\" \/>\n\t<meta name=\"twitter:data2\" content=\"2 minutes\" \/>\n<script type=\"application\/ld+json\" class=\"yoast-schema-graph\">{\"@context\":\"https:\\\/\\\/schema.org\",\"@graph\":[{\"@type\":\"Article\",\"@id\":\"https:\\\/\\\/www.kojiroakagi.com\\\/kojiroakagi_wp\\\/kojiro-akagi-ouverture-officielle-de-lexposition-paris-je-taime-pour-leternite-le-3-fevrier-2022\\\/#article\",\"isPartOf\":{\"@id\":\"https:\\\/\\\/www.kojiroakagi.com\\\/kojiroakagi_wp\\\/kojiro-akagi-ouverture-officielle-de-lexposition-paris-je-taime-pour-leternite-le-3-fevrier-2022\\\/\"},\"author\":{\"name\":\"KojiroMAX\",\"@id\":\"https:\\\/\\\/www.kojiroakagi.com\\\/kojiroakagi_wp\\\/#\\\/schema\\\/person\\\/60b24ac99a9f4d1375fea53829535024\"},\"headline\":\"Kojiro AKAGI : ouverture officielle de l\u2019exposition \u00ab Paris, je t\u2019aime ! pour l\u2019eternit\u00e9\u2026 \u00bb le 3 f\u00e9vrier 2022 !\",\"datePublished\":\"2022-02-02T22:04:00+00:00\",\"dateModified\":\"2022-02-02T23:28:50+00:00\",\"mainEntityOfPage\":{\"@id\":\"https:\\\/\\\/www.kojiroakagi.com\\\/kojiroakagi_wp\\\/kojiro-akagi-ouverture-officielle-de-lexposition-paris-je-taime-pour-leternite-le-3-fevrier-2022\\\/\"},\"wordCount\":336,\"commentCount\":0,\"publisher\":{\"@id\":\"https:\\\/\\\/www.kojiroakagi.com\\\/kojiroakagi_wp\\\/#organization\"},\"image\":{\"@id\":\"https:\\\/\\\/www.kojiroakagi.com\\\/kojiroakagi_wp\\\/kojiro-akagi-ouverture-officielle-de-lexposition-paris-je-taime-pour-leternite-le-3-fevrier-2022\\\/#primaryimage\"},\"thumbnailUrl\":\"https:\\\/\\\/www.kojiroakagi.com\\\/kojiroakagi_wp\\\/wp-content\\\/uploads\\\/2022\\\/02\\\/20220203_Kojiro_AKAGI_MCJP.png\",\"inLanguage\":\"fr-FR\",\"potentialAction\":[{\"@type\":\"CommentAction\",\"name\":\"Comment\",\"target\":[\"https:\\\/\\\/www.kojiroakagi.com\\\/kojiroakagi_wp\\\/kojiro-akagi-ouverture-officielle-de-lexposition-paris-je-taime-pour-leternite-le-3-fevrier-2022\\\/#respond\"]}]},{\"@type\":\"WebPage\",\"@id\":\"https:\\\/\\\/www.kojiroakagi.com\\\/kojiroakagi_wp\\\/kojiro-akagi-ouverture-officielle-de-lexposition-paris-je-taime-pour-leternite-le-3-fevrier-2022\\\/\",\"url\":\"https:\\\/\\\/www.kojiroakagi.com\\\/kojiroakagi_wp\\\/kojiro-akagi-ouverture-officielle-de-lexposition-paris-je-taime-pour-leternite-le-3-fevrier-2022\\\/\",\"name\":\"Kojiro AKAGI : ouverture officielle de l\u2019exposition \u00ab Paris, je t\u2019aime ! pour l\u2019eternit\u00e9\u2026 \u00bb le 3 f\u00e9vrier 2022 ! - Fonds de Dotation Kojiro AKAGI\",\"isPartOf\":{\"@id\":\"https:\\\/\\\/www.kojiroakagi.com\\\/kojiroakagi_wp\\\/#website\"},\"primaryImageOfPage\":{\"@id\":\"https:\\\/\\\/www.kojiroakagi.com\\\/kojiroakagi_wp\\\/kojiro-akagi-ouverture-officielle-de-lexposition-paris-je-taime-pour-leternite-le-3-fevrier-2022\\\/#primaryimage\"},\"image\":{\"@id\":\"https:\\\/\\\/www.kojiroakagi.com\\\/kojiroakagi_wp\\\/kojiro-akagi-ouverture-officielle-de-lexposition-paris-je-taime-pour-leternite-le-3-fevrier-2022\\\/#primaryimage\"},\"thumbnailUrl\":\"https:\\\/\\\/www.kojiroakagi.com\\\/kojiroakagi_wp\\\/wp-content\\\/uploads\\\/2022\\\/02\\\/20220203_Kojiro_AKAGI_MCJP.png\",\"datePublished\":\"2022-02-02T22:04:00+00:00\",\"dateModified\":\"2022-02-02T23:28:50+00:00\",\"breadcrumb\":{\"@id\":\"https:\\\/\\\/www.kojiroakagi.com\\\/kojiroakagi_wp\\\/kojiro-akagi-ouverture-officielle-de-lexposition-paris-je-taime-pour-leternite-le-3-fevrier-2022\\\/#breadcrumb\"},\"inLanguage\":\"fr-FR\",\"potentialAction\":[{\"@type\":\"ReadAction\",\"target\":[\"https:\\\/\\\/www.kojiroakagi.com\\\/kojiroakagi_wp\\\/kojiro-akagi-ouverture-officielle-de-lexposition-paris-je-taime-pour-leternite-le-3-fevrier-2022\\\/\"]}]},{\"@type\":\"ImageObject\",\"inLanguage\":\"fr-FR\",\"@id\":\"https:\\\/\\\/www.kojiroakagi.com\\\/kojiroakagi_wp\\\/kojiro-akagi-ouverture-officielle-de-lexposition-paris-je-taime-pour-leternite-le-3-fevrier-2022\\\/#primaryimage\",\"url\":\"https:\\\/\\\/www.kojiroakagi.com\\\/kojiroakagi_wp\\\/wp-content\\\/uploads\\\/2022\\\/02\\\/20220203_Kojiro_AKAGI_MCJP.png\",\"contentUrl\":\"https:\\\/\\\/www.kojiroakagi.com\\\/kojiroakagi_wp\\\/wp-content\\\/uploads\\\/2022\\\/02\\\/20220203_Kojiro_AKAGI_MCJP.png\",\"width\":1748,\"height\":1242},{\"@type\":\"BreadcrumbList\",\"@id\":\"https:\\\/\\\/www.kojiroakagi.com\\\/kojiroakagi_wp\\\/kojiro-akagi-ouverture-officielle-de-lexposition-paris-je-taime-pour-leternite-le-3-fevrier-2022\\\/#breadcrumb\",\"itemListElement\":[{\"@type\":\"ListItem\",\"position\":1,\"name\":\"Accueil\",\"item\":\"https:\\\/\\\/www.kojiroakagi.com\\\/kojiroakagi_wp\\\/\"},{\"@type\":\"ListItem\",\"position\":2,\"name\":\"Kojiro AKAGI : ouverture officielle de l\u2019exposition \u00ab Paris, je t\u2019aime ! pour l\u2019eternit\u00e9\u2026 \u00bb le 3 f\u00e9vrier 2022 !\"}]},{\"@type\":\"WebSite\",\"@id\":\"https:\\\/\\\/www.kojiroakagi.com\\\/kojiroakagi_wp\\\/#website\",\"url\":\"https:\\\/\\\/www.kojiroakagi.com\\\/kojiroakagi_wp\\\/\",\"name\":\"Fonds de Dotation Kojiro AKAGI\",\"description\":\"Le plus parisien des peintres japonais\",\"publisher\":{\"@id\":\"https:\\\/\\\/www.kojiroakagi.com\\\/kojiroakagi_wp\\\/#organization\"},\"potentialAction\":[{\"@type\":\"SearchAction\",\"target\":{\"@type\":\"EntryPoint\",\"urlTemplate\":\"https:\\\/\\\/www.kojiroakagi.com\\\/kojiroakagi_wp\\\/?s={search_term_string}\"},\"query-input\":{\"@type\":\"PropertyValueSpecification\",\"valueRequired\":true,\"valueName\":\"search_term_string\"}}],\"inLanguage\":\"fr-FR\"},{\"@type\":\"Organization\",\"@id\":\"https:\\\/\\\/www.kojiroakagi.com\\\/kojiroakagi_wp\\\/#organization\",\"name\":\"Fonds de Dotation Kojiro AKAGI\",\"url\":\"https:\\\/\\\/www.kojiroakagi.com\\\/kojiroakagi_wp\\\/\",\"logo\":{\"@type\":\"ImageObject\",\"inLanguage\":\"fr-FR\",\"@id\":\"https:\\\/\\\/www.kojiroakagi.com\\\/kojiroakagi_wp\\\/#\\\/schema\\\/logo\\\/image\\\/\",\"url\":\"https:\\\/\\\/www.kojiroakagi.com\\\/kojiroakagi_wp\\\/wp-content\\\/uploads\\\/2023\\\/09\\\/cropped-8e84c50b879d24d8f2289ced01263d2c-1-PhotoRoom.png-PhotoRoom.png\",\"contentUrl\":\"https:\\\/\\\/www.kojiroakagi.com\\\/kojiroakagi_wp\\\/wp-content\\\/uploads\\\/2023\\\/09\\\/cropped-8e84c50b879d24d8f2289ced01263d2c-1-PhotoRoom.png-PhotoRoom.png\",\"width\":788,\"height\":315,\"caption\":\"Fonds de Dotation Kojiro AKAGI\"},\"image\":{\"@id\":\"https:\\\/\\\/www.kojiroakagi.com\\\/kojiroakagi_wp\\\/#\\\/schema\\\/logo\\\/image\\\/\"},\"sameAs\":[\"https:\\\/\\\/www.facebook.com\\\/AKAGIKojiro\\\/?locale=fr_FR\",\"https:\\\/\\\/www.instagram.com\\\/fondskojiroakagi\\\/?locale=ne_NP&hl=ar\"]},{\"@type\":\"Person\",\"@id\":\"https:\\\/\\\/www.kojiroakagi.com\\\/kojiroakagi_wp\\\/#\\\/schema\\\/person\\\/60b24ac99a9f4d1375fea53829535024\",\"name\":\"KojiroMAX\",\"image\":{\"@type\":\"ImageObject\",\"inLanguage\":\"fr-FR\",\"@id\":\"https:\\\/\\\/secure.gravatar.com\\\/avatar\\\/d51c3285c811844f54410ca23c3c4bbdc314fcb431879dd4fe4122044f72c27c?s=96&d=mm&r=g\",\"url\":\"https:\\\/\\\/secure.gravatar.com\\\/avatar\\\/d51c3285c811844f54410ca23c3c4bbdc314fcb431879dd4fe4122044f72c27c?s=96&d=mm&r=g\",\"contentUrl\":\"https:\\\/\\\/secure.gravatar.com\\\/avatar\\\/d51c3285c811844f54410ca23c3c4bbdc314fcb431879dd4fe4122044f72c27c?s=96&d=mm&r=g\",\"caption\":\"KojiroMAX\"},\"sameAs\":[\"http:\\\/\\\/www.kojiroakagi.com\\\/kojiroakagi_wp\"],\"url\":\"https:\\\/\\\/www.kojiroakagi.com\\\/kojiroakagi_wp\\\/author\\\/kojiromax\\\/\"}]}<\/script>\n<!-- \/ Yoast SEO plugin. -->","yoast_head_json":{"title":"Kojiro AKAGI : ouverture officielle de l\u2019exposition \u00ab Paris, je t\u2019aime ! pour l\u2019eternit\u00e9\u2026 \u00bb le 3 f\u00e9vrier 2022 ! - Fonds de Dotation Kojiro AKAGI","robots":{"index":"index","follow":"follow","max-snippet":"max-snippet:-1","max-image-preview":"max-image-preview:large","max-video-preview":"max-video-preview:-1"},"canonical":"https:\/\/www.kojiroakagi.com\/kojiroakagi_wp\/kojiro-akagi-ouverture-officielle-de-lexposition-paris-je-taime-pour-leternite-le-3-fevrier-2022\/","og_locale":"fr_FR","og_type":"article","og_title":"Kojiro AKAGI : ouverture officielle de l\u2019exposition \u00ab Paris, je t\u2019aime ! pour l\u2019eternit\u00e9\u2026 \u00bb le 3 f\u00e9vrier 2022 ! - Fonds de Dotation Kojiro AKAGI","og_description":"Paris, le 3 f\u00e9vrier 2022 Le 3 f\u00e9vrier 2022, \u00e0 partir de 18h00 et jusqu\u2019\u00e0 21h00, je vous invite \u00e0 l\u2019ouverture officielle de l\u2019exposition \u00ab Paris, je t\u2019aime ! pour l\u2019eternit\u00e9\u2026 \u00bb de notre tr\u00e8s cher ami Kojiro Akagi disparu le 15 f\u00e9vrier 2021. Exposition \u00e0 la MCJP \u2013 Maison de la culture du Japon \u2013 101 bis, quai Branly, 75015 Paris devenu 1 quai de Jacques Chirac 75015 Paris Un an apr\u00e8s la disparition de l\u2019artiste, la pand\u00e9mie n\u2019est h\u00e9las, toujours pas termin\u00e9e et cette ouverture \/ hommage sera encore sans coktail et en nombre d\u2019invit\u00e9s tr\u00e8s restreint. RSVP Merci de confirmer votre pr\u00e9sence \u00e0 Varvara Karpechenkova \u2013 varvara@galeriedeparis.fr &#8211; ou SMS au\u00a0+33 6 44 19 70 71 : 0644197071 Le 3 f\u00e9vrier il y aura lieu quelques discours qui seront retransmis sur le compte instagram @galerie.de.paris et bonne nouvelle, il y a d\u00e9j\u00e0 un planning de visites guid\u00e9es en plusieurs langues. Cette exposition est produite par par le Fonds de Dotation Kojiro Akagi, cr\u00e9e par l\u2019artiste et qui pourra assurer sa p\u00e9rennit\u00e9. &nbsp; Jean-Luc Masson, pr\u00e9sident du Fonds de dotation Kojiro AKAGI &nbsp; Maison de la culture du Japon \u2013 101 bis, quai Branly, 75015 Paris Hall d\u2019accueil (Rez-de-chauss\u00e9e) &#8211;\u00a0Entr\u00e9e libre Du mardi au samedi de 11h \u00e0 19h \/\u00a0Les jeudis jusqu\u2019\u00e0 21h https:\/\/www.mcjp.fr\/fr\/agenda\/paris-je-taime-pour-leternite Informations compl\u00e9mentaires \/\u00a0Correspondance si\u00e8ge : Fonds de dotation Kojiro AKAGI &#8211; kojiroakagi.com 37 rue de la Croix Nivert \u2013 75015 Paris \u2013 France SIRET : 883 258 444 00016 \u2013 APE 9001Z \u2013 Fondation &nbsp; A noter \u00e9galement, le 15 f\u00e9vrier 2022, il y aura \u00e9galement un hommage rendu \u00e0 Kojiro AKAGI au Salon de la peinture \u00e0 l\u2019eau qui se tiendra \u00e0 Art Capital . https:\/\/peinturealeau.com &nbsp; &nbsp; Pour visualiser ce message dans votre navigateur : https:\/\/www.kojiroakagi.com\/kojiroakagi_wp\/kojiro-akagi-ouverture-officielle-de-lexposition-paris-je-taime-pour-leternite-le-3-fevrier-2022\/ Si vous souhaitez vous d\u00e9sabonner [[UNSUB_LINK_FR]] et\/ou changer votre adresse A l\u2019attention de [[data:civilit\u00e9: \u00bb \u00bb]] [[data:firstname: \u00bb \u00bb]] [[data:lastname: \u00bb \u00bb]]","og_url":"https:\/\/www.kojiroakagi.com\/kojiroakagi_wp\/kojiro-akagi-ouverture-officielle-de-lexposition-paris-je-taime-pour-leternite-le-3-fevrier-2022\/","og_site_name":"Fonds de Dotation Kojiro AKAGI","article_publisher":"https:\/\/www.facebook.com\/AKAGIKojiro\/?locale=fr_FR","article_published_time":"2022-02-02T22:04:00+00:00","article_modified_time":"2022-02-02T23:28:50+00:00","og_image":[{"width":1748,"height":1242,"url":"https:\/\/www.kojiroakagi.com\/kojiroakagi_wp\/wp-content\/uploads\/2022\/02\/20220203_Kojiro_AKAGI_MCJP.png","type":"image\/png"}],"author":"KojiroMAX","twitter_card":"summary_large_image","twitter_misc":{"\u00c9crit par":"KojiroMAX","Dur\u00e9e de lecture estim\u00e9e":"2 minutes"},"schema":{"@context":"https:\/\/schema.org","@graph":[{"@type":"Article","@id":"https:\/\/www.kojiroakagi.com\/kojiroakagi_wp\/kojiro-akagi-ouverture-officielle-de-lexposition-paris-je-taime-pour-leternite-le-3-fevrier-2022\/#article","isPartOf":{"@id":"https:\/\/www.kojiroakagi.com\/kojiroakagi_wp\/kojiro-akagi-ouverture-officielle-de-lexposition-paris-je-taime-pour-leternite-le-3-fevrier-2022\/"},"author":{"name":"KojiroMAX","@id":"https:\/\/www.kojiroakagi.com\/kojiroakagi_wp\/#\/schema\/person\/60b24ac99a9f4d1375fea53829535024"},"headline":"Kojiro AKAGI : ouverture officielle de l\u2019exposition \u00ab Paris, je t\u2019aime ! pour l\u2019eternit\u00e9\u2026 \u00bb le 3 f\u00e9vrier 2022 !","datePublished":"2022-02-02T22:04:00+00:00","dateModified":"2022-02-02T23:28:50+00:00","mainEntityOfPage":{"@id":"https:\/\/www.kojiroakagi.com\/kojiroakagi_wp\/kojiro-akagi-ouverture-officielle-de-lexposition-paris-je-taime-pour-leternite-le-3-fevrier-2022\/"},"wordCount":336,"commentCount":0,"publisher":{"@id":"https:\/\/www.kojiroakagi.com\/kojiroakagi_wp\/#organization"},"image":{"@id":"https:\/\/www.kojiroakagi.com\/kojiroakagi_wp\/kojiro-akagi-ouverture-officielle-de-lexposition-paris-je-taime-pour-leternite-le-3-fevrier-2022\/#primaryimage"},"thumbnailUrl":"https:\/\/www.kojiroakagi.com\/kojiroakagi_wp\/wp-content\/uploads\/2022\/02\/20220203_Kojiro_AKAGI_MCJP.png","inLanguage":"fr-FR","potentialAction":[{"@type":"CommentAction","name":"Comment","target":["https:\/\/www.kojiroakagi.com\/kojiroakagi_wp\/kojiro-akagi-ouverture-officielle-de-lexposition-paris-je-taime-pour-leternite-le-3-fevrier-2022\/#respond"]}]},{"@type":"WebPage","@id":"https:\/\/www.kojiroakagi.com\/kojiroakagi_wp\/kojiro-akagi-ouverture-officielle-de-lexposition-paris-je-taime-pour-leternite-le-3-fevrier-2022\/","url":"https:\/\/www.kojiroakagi.com\/kojiroakagi_wp\/kojiro-akagi-ouverture-officielle-de-lexposition-paris-je-taime-pour-leternite-le-3-fevrier-2022\/","name":"Kojiro AKAGI : ouverture officielle de l\u2019exposition \u00ab Paris, je t\u2019aime ! pour l\u2019eternit\u00e9\u2026 \u00bb le 3 f\u00e9vrier 2022 ! - Fonds de Dotation Kojiro AKAGI","isPartOf":{"@id":"https:\/\/www.kojiroakagi.com\/kojiroakagi_wp\/#website"},"primaryImageOfPage":{"@id":"https:\/\/www.kojiroakagi.com\/kojiroakagi_wp\/kojiro-akagi-ouverture-officielle-de-lexposition-paris-je-taime-pour-leternite-le-3-fevrier-2022\/#primaryimage"},"image":{"@id":"https:\/\/www.kojiroakagi.com\/kojiroakagi_wp\/kojiro-akagi-ouverture-officielle-de-lexposition-paris-je-taime-pour-leternite-le-3-fevrier-2022\/#primaryimage"},"thumbnailUrl":"https:\/\/www.kojiroakagi.com\/kojiroakagi_wp\/wp-content\/uploads\/2022\/02\/20220203_Kojiro_AKAGI_MCJP.png","datePublished":"2022-02-02T22:04:00+00:00","dateModified":"2022-02-02T23:28:50+00:00","breadcrumb":{"@id":"https:\/\/www.kojiroakagi.com\/kojiroakagi_wp\/kojiro-akagi-ouverture-officielle-de-lexposition-paris-je-taime-pour-leternite-le-3-fevrier-2022\/#breadcrumb"},"inLanguage":"fr-FR","potentialAction":[{"@type":"ReadAction","target":["https:\/\/www.kojiroakagi.com\/kojiroakagi_wp\/kojiro-akagi-ouverture-officielle-de-lexposition-paris-je-taime-pour-leternite-le-3-fevrier-2022\/"]}]},{"@type":"ImageObject","inLanguage":"fr-FR","@id":"https:\/\/www.kojiroakagi.com\/kojiroakagi_wp\/kojiro-akagi-ouverture-officielle-de-lexposition-paris-je-taime-pour-leternite-le-3-fevrier-2022\/#primaryimage","url":"https:\/\/www.kojiroakagi.com\/kojiroakagi_wp\/wp-content\/uploads\/2022\/02\/20220203_Kojiro_AKAGI_MCJP.png","contentUrl":"https:\/\/www.kojiroakagi.com\/kojiroakagi_wp\/wp-content\/uploads\/2022\/02\/20220203_Kojiro_AKAGI_MCJP.png","width":1748,"height":1242},{"@type":"BreadcrumbList","@id":"https:\/\/www.kojiroakagi.com\/kojiroakagi_wp\/kojiro-akagi-ouverture-officielle-de-lexposition-paris-je-taime-pour-leternite-le-3-fevrier-2022\/#breadcrumb","itemListElement":[{"@type":"ListItem","position":1,"name":"Accueil","item":"https:\/\/www.kojiroakagi.com\/kojiroakagi_wp\/"},{"@type":"ListItem","position":2,"name":"Kojiro AKAGI : ouverture officielle de l\u2019exposition \u00ab Paris, je t\u2019aime ! pour l\u2019eternit\u00e9\u2026 \u00bb le 3 f\u00e9vrier 2022 !"}]},{"@type":"WebSite","@id":"https:\/\/www.kojiroakagi.com\/kojiroakagi_wp\/#website","url":"https:\/\/www.kojiroakagi.com\/kojiroakagi_wp\/","name":"Fonds de Dotation Kojiro AKAGI","description":"Le plus parisien des peintres japonais","publisher":{"@id":"https:\/\/www.kojiroakagi.com\/kojiroakagi_wp\/#organization"},"potentialAction":[{"@type":"SearchAction","target":{"@type":"EntryPoint","urlTemplate":"https:\/\/www.kojiroakagi.com\/kojiroakagi_wp\/?s={search_term_string}"},"query-input":{"@type":"PropertyValueSpecification","valueRequired":true,"valueName":"search_term_string"}}],"inLanguage":"fr-FR"},{"@type":"Organization","@id":"https:\/\/www.kojiroakagi.com\/kojiroakagi_wp\/#organization","name":"Fonds de Dotation Kojiro AKAGI","url":"https:\/\/www.kojiroakagi.com\/kojiroakagi_wp\/","logo":{"@type":"ImageObject","inLanguage":"fr-FR","@id":"https:\/\/www.kojiroakagi.com\/kojiroakagi_wp\/#\/schema\/logo\/image\/","url":"https:\/\/www.kojiroakagi.com\/kojiroakagi_wp\/wp-content\/uploads\/2023\/09\/cropped-8e84c50b879d24d8f2289ced01263d2c-1-PhotoRoom.png-PhotoRoom.png","contentUrl":"https:\/\/www.kojiroakagi.com\/kojiroakagi_wp\/wp-content\/uploads\/2023\/09\/cropped-8e84c50b879d24d8f2289ced01263d2c-1-PhotoRoom.png-PhotoRoom.png","width":788,"height":315,"caption":"Fonds de Dotation Kojiro AKAGI"},"image":{"@id":"https:\/\/www.kojiroakagi.com\/kojiroakagi_wp\/#\/schema\/logo\/image\/"},"sameAs":["https:\/\/www.facebook.com\/AKAGIKojiro\/?locale=fr_FR","https:\/\/www.instagram.com\/fondskojiroakagi\/?locale=ne_NP&hl=ar"]},{"@type":"Person","@id":"https:\/\/www.kojiroakagi.com\/kojiroakagi_wp\/#\/schema\/person\/60b24ac99a9f4d1375fea53829535024","name":"KojiroMAX","image":{"@type":"ImageObject","inLanguage":"fr-FR","@id":"https:\/\/secure.gravatar.com\/avatar\/d51c3285c811844f54410ca23c3c4bbdc314fcb431879dd4fe4122044f72c27c?s=96&d=mm&r=g","url":"https:\/\/secure.gravatar.com\/avatar\/d51c3285c811844f54410ca23c3c4bbdc314fcb431879dd4fe4122044f72c27c?s=96&d=mm&r=g","contentUrl":"https:\/\/secure.gravatar.com\/avatar\/d51c3285c811844f54410ca23c3c4bbdc314fcb431879dd4fe4122044f72c27c?s=96&d=mm&r=g","caption":"KojiroMAX"},"sameAs":["http:\/\/www.kojiroakagi.com\/kojiroakagi_wp"],"url":"https:\/\/www.kojiroakagi.com\/kojiroakagi_wp\/author\/kojiromax\/"}]}},"_links":{"self":[{"href":"https:\/\/www.kojiroakagi.com\/kojiroakagi_wp\/wp-json\/wp\/v2\/posts\/290","targetHints":{"allow":["GET"]}}],"collection":[{"href":"https:\/\/www.kojiroakagi.com\/kojiroakagi_wp\/wp-json\/wp\/v2\/posts"}],"about":[{"href":"https:\/\/www.kojiroakagi.com\/kojiroakagi_wp\/wp-json\/wp\/v2\/types\/post"}],"author":[{"embeddable":true,"href":"https:\/\/www.kojiroakagi.com\/kojiroakagi_wp\/wp-json\/wp\/v2\/users\/1"}],"replies":[{"embeddable":true,"href":"https:\/\/www.kojiroakagi.com\/kojiroakagi_wp\/wp-json\/wp\/v2\/comments?post=290"}],"version-history":[{"count":13,"href":"https:\/\/www.kojiroakagi.com\/kojiroakagi_wp\/wp-json\/wp\/v2\/posts\/290\/revisions"}],"predecessor-version":[{"id":304,"href":"https:\/\/www.kojiroakagi.com\/kojiroakagi_wp\/wp-json\/wp\/v2\/posts\/290\/revisions\/304"}],"wp:featuredmedia":[{"embeddable":true,"href":"https:\/\/www.kojiroakagi.com\/kojiroakagi_wp\/wp-json\/wp\/v2\/media\/293"}],"wp:attachment":[{"href":"https:\/\/www.kojiroakagi.com\/kojiroakagi_wp\/wp-json\/wp\/v2\/media?parent=290"}],"wp:term":[{"taxonomy":"category","embeddable":true,"href":"https:\/\/www.kojiroakagi.com\/kojiroakagi_wp\/wp-json\/wp\/v2\/categories?post=290"},{"taxonomy":"post_tag","embeddable":true,"href":"https:\/\/www.kojiroakagi.com\/kojiroakagi_wp\/wp-json\/wp\/v2\/tags?post=290"}],"curies":[{"name":"wp","href":"https:\/\/api.w.org\/{rel}","templated":true}]}}