{"id":776,"date":"2024-03-11T13:06:35","date_gmt":"2024-03-11T12:06:35","guid":{"rendered":"https:\/\/www.kojiroakagi.com\/kojiroakagi_wp\/?p=776"},"modified":"2024-10-07T00:12:24","modified_gmt":"2024-10-06T22:12:24","slug":"ceremonie-de-remise-des-prix-du-concours-haiku-x-akagi","status":"publish","type":"post","link":"https:\/\/www.kojiroakagi.com\/kojiroakagi_wp\/ceremonie-de-remise-des-prix-du-concours-haiku-x-akagi\/","title":{"rendered":"C\u00e9r\u00e9monie de remise des prix du Concours HAIKU x AKAGI"},"content":{"rendered":"<table border=\"0\" cellspacing=\"0\" cellpadding=\"0\">\n<tbody>\n<tr>\n<td align=\"left\">\n<p class=\"v1text-build-content\" style=\"text-align: center;\"><img loading=\"lazy\" decoding=\"async\" class=\"alignnone wp-image-777\" src=\"https:\/\/www.kojiroakagi.com\/kojiroakagi_wp\/wp-content\/uploads\/2024\/03\/Invitation-Ceremonie-4-avril-300x300.png\" alt=\"\" width=\"444\" height=\"444\" srcset=\"https:\/\/www.kojiroakagi.com\/kojiroakagi_wp\/wp-content\/uploads\/2024\/03\/Invitation-Ceremonie-4-avril-300x300.png 300w, https:\/\/www.kojiroakagi.com\/kojiroakagi_wp\/wp-content\/uploads\/2024\/03\/Invitation-Ceremonie-4-avril-1024x1024.png 1024w, https:\/\/www.kojiroakagi.com\/kojiroakagi_wp\/wp-content\/uploads\/2024\/03\/Invitation-Ceremonie-4-avril-150x150.png 150w, https:\/\/www.kojiroakagi.com\/kojiroakagi_wp\/wp-content\/uploads\/2024\/03\/Invitation-Ceremonie-4-avril-768x768.png 768w, https:\/\/www.kojiroakagi.com\/kojiroakagi_wp\/wp-content\/uploads\/2024\/03\/Invitation-Ceremonie-4-avril-100x100.png 100w, https:\/\/www.kojiroakagi.com\/kojiroakagi_wp\/wp-content\/uploads\/2024\/03\/Invitation-Ceremonie-4-avril.png 1080w\" sizes=\"auto, (max-width: 444px) 100vw, 444px\" \/><\/p>\n<h3 class=\"v1text-build-content\" style=\"text-align: center;\">\ud83c\udfa8 ANNONCE DES LAUREATS \ud83e\udeb6<\/h3>\n<p class=\"v1text-build-content\" style=\"text-align: center;\"><em>Haiku en langue fran\u00e7aise.<\/em><\/p>\n<p class=\"v1text-build-content\" style=\"text-align: center;\"><strong>GRAND PRIX pour les quatre haikus<\/strong><\/p>\n<p class=\"v1text-build-content\" style=\"text-align: center;\">Madame TIKK S.N Charlotte<\/p>\n<p class=\"v1text-build-content\" style=\"text-align: center;\">Monsieur LACROIX Giovanni<\/p>\n<p class=\"v1text-build-content\" style=\"text-align: center;\"><strong>Laur\u00e9ats par saisons :\u00a0<\/strong><\/p>\n<p class=\"v1text-build-content\" style=\"text-align: center;\"><em>PRINTEMPS \u6625 &#8211; La Maison du Japon dans la Cit\u00e9 Universitaire<\/em><\/p>\n<p class=\"v1text-build-content\" style=\"text-align: center;\">Monsieur TARA Eduard<\/p>\n<p class=\"v1text-build-content\" style=\"text-align: center;\">Madame PLENACOSTE Annick<\/p>\n<p class=\"v1text-build-content\" style=\"text-align: center;\"><em>ETE \u590f &#8211; Le 14 juillet, a\u0300 la place de la Concorde<\/em><\/p>\n<p class=\"v1text-build-content\" style=\"text-align: center;\">Monsieur CAMY JEAN JACQUES<\/p>\n<p class=\"v1text-build-content\" style=\"text-align: center;\"><em>AUTOMNE \u79cb &#8211; Dans le jardin de l&rsquo;Espace Mitsukoshi-Etoile<\/em><\/p>\n<p class=\"v1text-build-content\" style=\"text-align: center;\">Madame CAPILLON Claudine<\/p>\n<p class=\"v1text-build-content\" style=\"text-align: center;\"><em>HIVER \u51ac &#8211; La Tour Eiffel blanche<\/em><\/p>\n<p class=\"v1text-build-content\" style=\"text-align: center;\">Madame DRUMEZ Rachel<\/p>\n<p class=\"v1text-build-content\" style=\"text-align: center;\"><strong>Haiku en langue japonaise<\/strong><\/p>\n<p class=\"v1text-build-content\" style=\"text-align: center;\">Monsieur TSUTSUMI Haruo \u5824 \u6625\u751f &#8211;\u00a0<em>ETE \u590f &#8211; Le 14 juillet, a\u0300 la place de la Concorde<\/em><\/p>\n<p class=\"v1text-build-content\" style=\"text-align: center;\">Madame LAMBERT Marine &#8211;\u00a0<em>HIVER \u51ac &#8211; La Tour Eiffel blanche<\/em><\/p>\n<p class=\"v1text-build-content\" style=\"text-align: center;\"><strong>Prix sp\u00e9ciaux :\u00a0<\/strong><\/p>\n<p class=\"v1text-build-content\" style=\"text-align: center;\">Madame CHERASSE Maeva, pour son bel haiku sur l&rsquo;automne.<\/p>\n<p class=\"v1text-build-content\" style=\"text-align: center;\">Monsieur BUIGUES Ren\u00e9-Pierre, pour ses quatre haikus de grande qualit\u00e9.<\/p>\n<p class=\"v1text-build-content\">Merci \u00e0 tous pour ces plus de 380 participations passionnantes ! Cette diversit\u00e9 cr\u00e9ative est le reflet de l&rsquo;engagement et du talent de plus de 270 participants de France, francophones de l&rsquo;\u00e9tranger ou japonais. Un engouement qui est \u00e0 la hauteur de la renomm\u00e9e toujours vibrante de l&rsquo;artiste japonais Kojiro Ak<span style=\"font-family: inherit; font-size: inherit;\">agi. <\/span><strong style=\"font-family: inherit; font-size: inherit;\">Venez donc d\u00e9couvrir les haikus laur\u00e9ats en exclusivit\u00e9 lors de la c\u00e9r\u00e9monie du 4 avril 2024.\u00a0<\/strong><span style=\"font-family: inherit; font-size: inherit;\">Ceux-ci seront ensuite publi\u00e9s sur notre\u00a0<\/span>site internet<span style=\"font-family: inherit; font-size: inherit;\">. Une ma\u00eetre calligraphe japonaise sera convi\u00e9e pour r\u00e9aliser la calligraphie des ha\u00efkus.\u00a0<\/span><\/p>\n<p class=\"v1text-build-content\" style=\"text-align: center;\"><strong>En pr\u00e9sence de,\u00a0<\/strong><\/p>\n<p class=\"v1text-build-content\" style=\"text-align: center;\">Son Excellence l&rsquo;Ambassadeur du Japon en France,<br \/>\nMonsieur SHIMOKAWA Makita<\/p>\n<p class=\"v1text-build-content\" style=\"text-align: center;\">Monsieur Philippe Goujon, Maire du 15e, Paris.<\/p>\n<p class=\"v1text-build-content\" style=\"text-align: center;\">Monsieur Naoki KANAYAMA, Directeur de la Maison du Japon \u00e0 la Cit\u00e9 Internationale Universitaire de Paris.<\/p>\n<p class=\"v1text-build-content\" style=\"text-align: center;\">Monsieur Savin YEATMAN-EIFFEL, Curateur de l&rsquo;exposition \u00ab\u00a0Eiffel &#8211; Toujours plus haut\u00a0\u00bb, arri\u00e8re-arri\u00e8re-petit-fils de l&rsquo;architecte Gustave Eiffel.<\/p>\n<\/td>\n<\/tr>\n<tr>\n<td align=\"center\"><\/td>\n<\/tr>\n<tr>\n<td align=\"left\">\n<p class=\"v1text-build-content\">\u00a0<strong>JURY\u00a0<\/strong><\/p>\n<p class=\"v1text-build-content\"><strong>Nicolas Grenier,\u00a0<\/strong>Pr\u00e9sident du Centre de Recherche International de Po\u00e9sie (CRIP), po\u00e8te fran\u00e7ais, sp\u00e9cialiste de l&rsquo;art du tanka et du haiku en France<\/p>\n<p class=\"v1text-build-content\"><strong>Daniel Py,<\/strong>\u00a0sp\u00e9cialiste du haiku, cofondateur du cercle de haikus \u00ab kukai.paris \u00bb<\/p>\n<p class=\"v1text-build-content\"><strong>Kosuke KAWASAKI<\/strong>, Association \u00ab\u00a0HAIKUMAN 575\u00a0\u00bb.<\/p>\n<p class=\"v1text-build-content\"><strong>Thais Bihour<\/strong>, docteur en Histoire de l&rsquo;art<\/p>\n<p class=\"v1text-build-content\"><strong>Sylvia Cornet de Sawyn<\/strong>, \u00c9crivain, prim\u00e9e en po\u00e9sie<\/p>\n<p><strong>Mathilde Nouaillier<\/strong>, Traductrice<\/p>\n<p class=\"v1text-build-content\"><img loading=\"lazy\" decoding=\"async\" class=\"wp-image-780 aligncenter\" style=\"font-family: inherit; font-size: inherit;\" src=\"https:\/\/www.kojiroakagi.com\/kojiroakagi_wp\/wp-content\/uploads\/2024\/03\/\u4ff3\u53e5-300x300.png\" alt=\"\" width=\"425\" height=\"425\" srcset=\"https:\/\/www.kojiroakagi.com\/kojiroakagi_wp\/wp-content\/uploads\/2024\/03\/\u4ff3\u53e5-300x300.png 300w, https:\/\/www.kojiroakagi.com\/kojiroakagi_wp\/wp-content\/uploads\/2024\/03\/\u4ff3\u53e5-1024x1024.png 1024w, https:\/\/www.kojiroakagi.com\/kojiroakagi_wp\/wp-content\/uploads\/2024\/03\/\u4ff3\u53e5-150x150.png 150w, https:\/\/www.kojiroakagi.com\/kojiroakagi_wp\/wp-content\/uploads\/2024\/03\/\u4ff3\u53e5-768x768.png 768w, https:\/\/www.kojiroakagi.com\/kojiroakagi_wp\/wp-content\/uploads\/2024\/03\/\u4ff3\u53e5-100x100.png 100w, https:\/\/www.kojiroakagi.com\/kojiroakagi_wp\/wp-content\/uploads\/2024\/03\/\u4ff3\u53e5.png 1080w\" sizes=\"auto, (max-width: 425px) 100vw, 425px\" \/><\/p>\n<\/td>\n<\/tr>\n<\/tbody>\n<\/table>\n","protected":false},"excerpt":{"rendered":"<p>\ud83c\udfa8 ANNONCE DES LAUREATS \ud83e\udeb6 Haiku en langue fran\u00e7aise. GRAND PRIX pour les quatre haikus Madame TIKK S.N Charlotte Monsieur LACROIX Giovanni Laur\u00e9ats par saisons :\u00a0 PRINTEMPS \u6625 &#8211; La Maison du Japon dans la Cit\u00e9 Universitaire Monsieur TARA Eduard Madame PLENACOSTE Annick ETE \u590f &#8211; Le 14 juillet, a\u0300 la place de la Concorde Monsieur CAMY JEAN JACQUES AUTOMNE \u79cb &#8211; Dans le jardin de l&rsquo;Espace Mitsukoshi-Etoile Madame CAPILLON Claudine HIVER \u51ac &#8211; La Tour Eiffel blanche Madame DRUMEZ Rachel Haiku en langue japonaise Monsieur TSUTSUMI Haruo \u5824 \u6625\u751f &#8211;\u00a0ETE \u590f &#8211; Le 14 juillet, a\u0300 la place de la Concorde Madame LAMBERT Marine &#8211;\u00a0HIVER \u51ac &#8211; La Tour Eiffel blanche Prix sp\u00e9ciaux :\u00a0 Madame CHERASSE Maeva, pour son bel haiku sur l&rsquo;automne. Monsieur BUIGUES Ren\u00e9-Pierre, pour ses quatre haikus de grande qualit\u00e9. Merci \u00e0 tous pour ces plus de 380 participations passionnantes ! Cette diversit\u00e9 cr\u00e9ative est le reflet de l&rsquo;engagement et du talent de plus de 270 participants de France, francophones de l&rsquo;\u00e9tranger ou japonais. Un engouement qui est \u00e0 la hauteur de la renomm\u00e9e toujours vibrante de l&rsquo;artiste japonais Kojiro Akagi. Venez donc d\u00e9couvrir les haikus laur\u00e9ats en exclusivit\u00e9 lors de la c\u00e9r\u00e9monie du 4 avril 2024.\u00a0Ceux-ci seront ensuite publi\u00e9s sur notre\u00a0site internet. Une ma\u00eetre calligraphe japonaise sera convi\u00e9e pour r\u00e9aliser la calligraphie des ha\u00efkus.\u00a0 En pr\u00e9sence de,\u00a0 Son Excellence l&rsquo;Ambassadeur du Japon en France, Monsieur SHIMOKAWA Makita Monsieur Philippe Goujon, Maire du 15e, Paris. Monsieur Naoki KANAYAMA, Directeur de la Maison du Japon \u00e0 la Cit\u00e9 Internationale Universitaire de Paris. Monsieur Savin YEATMAN-EIFFEL, Curateur de l&rsquo;exposition \u00ab\u00a0Eiffel &#8211; Toujours plus haut\u00a0\u00bb, arri\u00e8re-arri\u00e8re-petit-fils de l&rsquo;architecte Gustave Eiffel. \u00a0JURY\u00a0 Nicolas Grenier,\u00a0Pr\u00e9sident du Centre de Recherche International de Po\u00e9sie (CRIP), po\u00e8te fran\u00e7ais, sp\u00e9cialiste de l&rsquo;art du tanka et du haiku en France Daniel Py,\u00a0sp\u00e9cialiste du haiku, cofondateur du cercle de haikus \u00ab kukai.paris \u00bb Kosuke KAWASAKI, Association \u00ab\u00a0HAIKUMAN 575\u00a0\u00bb. Thais Bihour, docteur en Histoire de l&rsquo;art Sylvia Cornet de Sawyn, \u00c9crivain, prim\u00e9e en po\u00e9sie Mathilde Nouaillier, Traductrice<\/p>\n","protected":false},"author":3,"featured_media":0,"comment_status":"open","ping_status":"open","sticky":false,"template":"","format":"standard","meta":{"footnotes":""},"categories":[374],"tags":[],"class_list":["post-776","post","type-post","status-publish","format-standard","hentry","category-concours-haiku-x-akagi"],"yoast_head":"<!-- This site is optimized with the Yoast SEO plugin v27.5 - https:\/\/yoast.com\/product\/yoast-seo-wordpress\/ -->\n<title>C\u00e9r\u00e9monie de remise des prix du Concours HAIKU x AKAGI - Fonds de Dotation Kojiro AKAGI<\/title>\n<meta name=\"robots\" content=\"index, follow, max-snippet:-1, max-image-preview:large, max-video-preview:-1\" \/>\n<link rel=\"canonical\" href=\"https:\/\/www.kojiroakagi.com\/kojiroakagi_wp\/ceremonie-de-remise-des-prix-du-concours-haiku-x-akagi\/\" \/>\n<meta property=\"og:locale\" content=\"fr_FR\" \/>\n<meta property=\"og:type\" content=\"article\" \/>\n<meta property=\"og:title\" content=\"C\u00e9r\u00e9monie de remise des prix du Concours HAIKU x AKAGI - Fonds de Dotation Kojiro AKAGI\" \/>\n<meta property=\"og:description\" content=\"\ud83c\udfa8 ANNONCE DES LAUREATS \ud83e\udeb6 Haiku en langue fran\u00e7aise. GRAND PRIX pour les quatre haikus Madame TIKK S.N Charlotte Monsieur LACROIX Giovanni Laur\u00e9ats par saisons :\u00a0 PRINTEMPS \u6625 &#8211; La Maison du Japon dans la Cit\u00e9 Universitaire Monsieur TARA Eduard Madame PLENACOSTE Annick ETE \u590f &#8211; Le 14 juillet, a\u0300 la place de la Concorde Monsieur CAMY JEAN JACQUES AUTOMNE \u79cb &#8211; Dans le jardin de l&rsquo;Espace Mitsukoshi-Etoile Madame CAPILLON Claudine HIVER \u51ac &#8211; La Tour Eiffel blanche Madame DRUMEZ Rachel Haiku en langue japonaise Monsieur TSUTSUMI Haruo \u5824 \u6625\u751f &#8211;\u00a0ETE \u590f &#8211; Le 14 juillet, a\u0300 la place de la Concorde Madame LAMBERT Marine &#8211;\u00a0HIVER \u51ac &#8211; La Tour Eiffel blanche Prix sp\u00e9ciaux :\u00a0 Madame CHERASSE Maeva, pour son bel haiku sur l&rsquo;automne. Monsieur BUIGUES Ren\u00e9-Pierre, pour ses quatre haikus de grande qualit\u00e9. Merci \u00e0 tous pour ces plus de 380 participations passionnantes ! Cette diversit\u00e9 cr\u00e9ative est le reflet de l&rsquo;engagement et du talent de plus de 270 participants de France, francophones de l&rsquo;\u00e9tranger ou japonais. Un engouement qui est \u00e0 la hauteur de la renomm\u00e9e toujours vibrante de l&rsquo;artiste japonais Kojiro Akagi. Venez donc d\u00e9couvrir les haikus laur\u00e9ats en exclusivit\u00e9 lors de la c\u00e9r\u00e9monie du 4 avril 2024.\u00a0Ceux-ci seront ensuite publi\u00e9s sur notre\u00a0site internet. Une ma\u00eetre calligraphe japonaise sera convi\u00e9e pour r\u00e9aliser la calligraphie des ha\u00efkus.\u00a0 En pr\u00e9sence de,\u00a0 Son Excellence l&rsquo;Ambassadeur du Japon en France, Monsieur SHIMOKAWA Makita Monsieur Philippe Goujon, Maire du 15e, Paris. Monsieur Naoki KANAYAMA, Directeur de la Maison du Japon \u00e0 la Cit\u00e9 Internationale Universitaire de Paris. Monsieur Savin YEATMAN-EIFFEL, Curateur de l&rsquo;exposition \u00ab\u00a0Eiffel &#8211; Toujours plus haut\u00a0\u00bb, arri\u00e8re-arri\u00e8re-petit-fils de l&rsquo;architecte Gustave Eiffel. \u00a0JURY\u00a0 Nicolas Grenier,\u00a0Pr\u00e9sident du Centre de Recherche International de Po\u00e9sie (CRIP), po\u00e8te fran\u00e7ais, sp\u00e9cialiste de l&rsquo;art du tanka et du haiku en France Daniel Py,\u00a0sp\u00e9cialiste du haiku, cofondateur du cercle de haikus \u00ab kukai.paris \u00bb Kosuke KAWASAKI, Association \u00ab\u00a0HAIKUMAN 575\u00a0\u00bb. Thais Bihour, docteur en Histoire de l&rsquo;art Sylvia Cornet de Sawyn, \u00c9crivain, prim\u00e9e en po\u00e9sie Mathilde Nouaillier, Traductrice\" \/>\n<meta property=\"og:url\" content=\"https:\/\/www.kojiroakagi.com\/kojiroakagi_wp\/ceremonie-de-remise-des-prix-du-concours-haiku-x-akagi\/\" \/>\n<meta property=\"og:site_name\" content=\"Fonds de Dotation Kojiro AKAGI\" \/>\n<meta property=\"article:publisher\" content=\"https:\/\/www.facebook.com\/AKAGIKojiro\/?locale=fr_FR\" \/>\n<meta property=\"article:published_time\" content=\"2024-03-11T12:06:35+00:00\" \/>\n<meta property=\"article:modified_time\" content=\"2024-10-06T22:12:24+00:00\" \/>\n<meta property=\"og:image\" content=\"http:\/\/www.kojiroakagi.com\/kojiroakagi_wp\/wp-content\/uploads\/2024\/03\/Invitation-Ceremonie-4-avril-300x300.png\" \/>\n<meta name=\"author\" content=\"FDD_KojiroAkagi\" \/>\n<meta name=\"twitter:card\" content=\"summary_large_image\" \/>\n<meta name=\"twitter:label1\" content=\"\u00c9crit par\" \/>\n\t<meta name=\"twitter:data1\" content=\"FDD_KojiroAkagi\" \/>\n\t<meta name=\"twitter:label2\" content=\"Dur\u00e9e de lecture estim\u00e9e\" \/>\n\t<meta name=\"twitter:data2\" content=\"2 minutes\" \/>\n<script type=\"application\/ld+json\" class=\"yoast-schema-graph\">{\"@context\":\"https:\\\/\\\/schema.org\",\"@graph\":[{\"@type\":\"Article\",\"@id\":\"https:\\\/\\\/www.kojiroakagi.com\\\/kojiroakagi_wp\\\/ceremonie-de-remise-des-prix-du-concours-haiku-x-akagi\\\/#article\",\"isPartOf\":{\"@id\":\"https:\\\/\\\/www.kojiroakagi.com\\\/kojiroakagi_wp\\\/ceremonie-de-remise-des-prix-du-concours-haiku-x-akagi\\\/\"},\"author\":{\"name\":\"FDD_KojiroAkagi\",\"@id\":\"https:\\\/\\\/www.kojiroakagi.com\\\/kojiroakagi_wp\\\/#\\\/schema\\\/person\\\/24d2cbf3ffe28aeea5f207a8d8621f15\"},\"headline\":\"C\u00e9r\u00e9monie de remise des prix du Concours HAIKU x AKAGI\",\"datePublished\":\"2024-03-11T12:06:35+00:00\",\"dateModified\":\"2024-10-06T22:12:24+00:00\",\"mainEntityOfPage\":{\"@id\":\"https:\\\/\\\/www.kojiroakagi.com\\\/kojiroakagi_wp\\\/ceremonie-de-remise-des-prix-du-concours-haiku-x-akagi\\\/\"},\"wordCount\":351,\"commentCount\":0,\"publisher\":{\"@id\":\"https:\\\/\\\/www.kojiroakagi.com\\\/kojiroakagi_wp\\\/#organization\"},\"image\":{\"@id\":\"https:\\\/\\\/www.kojiroakagi.com\\\/kojiroakagi_wp\\\/ceremonie-de-remise-des-prix-du-concours-haiku-x-akagi\\\/#primaryimage\"},\"thumbnailUrl\":\"http:\\\/\\\/www.kojiroakagi.com\\\/kojiroakagi_wp\\\/wp-content\\\/uploads\\\/2024\\\/03\\\/Invitation-Ceremonie-4-avril-300x300.png\",\"articleSection\":[\"Concours HAIKU x AKAGI\"],\"inLanguage\":\"fr-FR\",\"potentialAction\":[{\"@type\":\"CommentAction\",\"name\":\"Comment\",\"target\":[\"https:\\\/\\\/www.kojiroakagi.com\\\/kojiroakagi_wp\\\/ceremonie-de-remise-des-prix-du-concours-haiku-x-akagi\\\/#respond\"]}]},{\"@type\":\"WebPage\",\"@id\":\"https:\\\/\\\/www.kojiroakagi.com\\\/kojiroakagi_wp\\\/ceremonie-de-remise-des-prix-du-concours-haiku-x-akagi\\\/\",\"url\":\"https:\\\/\\\/www.kojiroakagi.com\\\/kojiroakagi_wp\\\/ceremonie-de-remise-des-prix-du-concours-haiku-x-akagi\\\/\",\"name\":\"C\u00e9r\u00e9monie de remise des prix du Concours HAIKU x AKAGI - Fonds de Dotation Kojiro AKAGI\",\"isPartOf\":{\"@id\":\"https:\\\/\\\/www.kojiroakagi.com\\\/kojiroakagi_wp\\\/#website\"},\"primaryImageOfPage\":{\"@id\":\"https:\\\/\\\/www.kojiroakagi.com\\\/kojiroakagi_wp\\\/ceremonie-de-remise-des-prix-du-concours-haiku-x-akagi\\\/#primaryimage\"},\"image\":{\"@id\":\"https:\\\/\\\/www.kojiroakagi.com\\\/kojiroakagi_wp\\\/ceremonie-de-remise-des-prix-du-concours-haiku-x-akagi\\\/#primaryimage\"},\"thumbnailUrl\":\"http:\\\/\\\/www.kojiroakagi.com\\\/kojiroakagi_wp\\\/wp-content\\\/uploads\\\/2024\\\/03\\\/Invitation-Ceremonie-4-avril-300x300.png\",\"datePublished\":\"2024-03-11T12:06:35+00:00\",\"dateModified\":\"2024-10-06T22:12:24+00:00\",\"breadcrumb\":{\"@id\":\"https:\\\/\\\/www.kojiroakagi.com\\\/kojiroakagi_wp\\\/ceremonie-de-remise-des-prix-du-concours-haiku-x-akagi\\\/#breadcrumb\"},\"inLanguage\":\"fr-FR\",\"potentialAction\":[{\"@type\":\"ReadAction\",\"target\":[\"https:\\\/\\\/www.kojiroakagi.com\\\/kojiroakagi_wp\\\/ceremonie-de-remise-des-prix-du-concours-haiku-x-akagi\\\/\"]}]},{\"@type\":\"ImageObject\",\"inLanguage\":\"fr-FR\",\"@id\":\"https:\\\/\\\/www.kojiroakagi.com\\\/kojiroakagi_wp\\\/ceremonie-de-remise-des-prix-du-concours-haiku-x-akagi\\\/#primaryimage\",\"url\":\"http:\\\/\\\/www.kojiroakagi.com\\\/kojiroakagi_wp\\\/wp-content\\\/uploads\\\/2024\\\/03\\\/Invitation-Ceremonie-4-avril-300x300.png\",\"contentUrl\":\"http:\\\/\\\/www.kojiroakagi.com\\\/kojiroakagi_wp\\\/wp-content\\\/uploads\\\/2024\\\/03\\\/Invitation-Ceremonie-4-avril-300x300.png\"},{\"@type\":\"BreadcrumbList\",\"@id\":\"https:\\\/\\\/www.kojiroakagi.com\\\/kojiroakagi_wp\\\/ceremonie-de-remise-des-prix-du-concours-haiku-x-akagi\\\/#breadcrumb\",\"itemListElement\":[{\"@type\":\"ListItem\",\"position\":1,\"name\":\"Accueil\",\"item\":\"https:\\\/\\\/www.kojiroakagi.com\\\/kojiroakagi_wp\\\/\"},{\"@type\":\"ListItem\",\"position\":2,\"name\":\"C\u00e9r\u00e9monie de remise des prix du Concours HAIKU x AKAGI\"}]},{\"@type\":\"WebSite\",\"@id\":\"https:\\\/\\\/www.kojiroakagi.com\\\/kojiroakagi_wp\\\/#website\",\"url\":\"https:\\\/\\\/www.kojiroakagi.com\\\/kojiroakagi_wp\\\/\",\"name\":\"Fonds de Dotation Kojiro AKAGI\",\"description\":\"Le plus parisien des peintres japonais\",\"publisher\":{\"@id\":\"https:\\\/\\\/www.kojiroakagi.com\\\/kojiroakagi_wp\\\/#organization\"},\"potentialAction\":[{\"@type\":\"SearchAction\",\"target\":{\"@type\":\"EntryPoint\",\"urlTemplate\":\"https:\\\/\\\/www.kojiroakagi.com\\\/kojiroakagi_wp\\\/?s={search_term_string}\"},\"query-input\":{\"@type\":\"PropertyValueSpecification\",\"valueRequired\":true,\"valueName\":\"search_term_string\"}}],\"inLanguage\":\"fr-FR\"},{\"@type\":\"Organization\",\"@id\":\"https:\\\/\\\/www.kojiroakagi.com\\\/kojiroakagi_wp\\\/#organization\",\"name\":\"Fonds de Dotation Kojiro AKAGI\",\"url\":\"https:\\\/\\\/www.kojiroakagi.com\\\/kojiroakagi_wp\\\/\",\"logo\":{\"@type\":\"ImageObject\",\"inLanguage\":\"fr-FR\",\"@id\":\"https:\\\/\\\/www.kojiroakagi.com\\\/kojiroakagi_wp\\\/#\\\/schema\\\/logo\\\/image\\\/\",\"url\":\"https:\\\/\\\/www.kojiroakagi.com\\\/kojiroakagi_wp\\\/wp-content\\\/uploads\\\/2023\\\/09\\\/cropped-8e84c50b879d24d8f2289ced01263d2c-1-PhotoRoom.png-PhotoRoom.png\",\"contentUrl\":\"https:\\\/\\\/www.kojiroakagi.com\\\/kojiroakagi_wp\\\/wp-content\\\/uploads\\\/2023\\\/09\\\/cropped-8e84c50b879d24d8f2289ced01263d2c-1-PhotoRoom.png-PhotoRoom.png\",\"width\":788,\"height\":315,\"caption\":\"Fonds de Dotation Kojiro AKAGI\"},\"image\":{\"@id\":\"https:\\\/\\\/www.kojiroakagi.com\\\/kojiroakagi_wp\\\/#\\\/schema\\\/logo\\\/image\\\/\"},\"sameAs\":[\"https:\\\/\\\/www.facebook.com\\\/AKAGIKojiro\\\/?locale=fr_FR\",\"https:\\\/\\\/www.instagram.com\\\/fondskojiroakagi\\\/?locale=ne_NP&hl=ar\"]},{\"@type\":\"Person\",\"@id\":\"https:\\\/\\\/www.kojiroakagi.com\\\/kojiroakagi_wp\\\/#\\\/schema\\\/person\\\/24d2cbf3ffe28aeea5f207a8d8621f15\",\"name\":\"FDD_KojiroAkagi\",\"image\":{\"@type\":\"ImageObject\",\"inLanguage\":\"fr-FR\",\"@id\":\"https:\\\/\\\/secure.gravatar.com\\\/avatar\\\/59a6c893ba552456bca1e3b24e73a3823d67e85a6043d6fe8edfc3878a804749?s=96&d=mm&r=g\",\"url\":\"https:\\\/\\\/secure.gravatar.com\\\/avatar\\\/59a6c893ba552456bca1e3b24e73a3823d67e85a6043d6fe8edfc3878a804749?s=96&d=mm&r=g\",\"contentUrl\":\"https:\\\/\\\/secure.gravatar.com\\\/avatar\\\/59a6c893ba552456bca1e3b24e73a3823d67e85a6043d6fe8edfc3878a804749?s=96&d=mm&r=g\",\"caption\":\"FDD_KojiroAkagi\"},\"sameAs\":[\"https:\\\/\\\/www.kojiroakagi.com\"],\"url\":\"https:\\\/\\\/www.kojiroakagi.com\\\/kojiroakagi_wp\\\/author\\\/fdd_kojiroakagi\\\/\"}]}<\/script>\n<!-- \/ Yoast SEO plugin. -->","yoast_head_json":{"title":"C\u00e9r\u00e9monie de remise des prix du Concours HAIKU x AKAGI - Fonds de Dotation Kojiro AKAGI","robots":{"index":"index","follow":"follow","max-snippet":"max-snippet:-1","max-image-preview":"max-image-preview:large","max-video-preview":"max-video-preview:-1"},"canonical":"https:\/\/www.kojiroakagi.com\/kojiroakagi_wp\/ceremonie-de-remise-des-prix-du-concours-haiku-x-akagi\/","og_locale":"fr_FR","og_type":"article","og_title":"C\u00e9r\u00e9monie de remise des prix du Concours HAIKU x AKAGI - Fonds de Dotation Kojiro AKAGI","og_description":"\ud83c\udfa8 ANNONCE DES LAUREATS \ud83e\udeb6 Haiku en langue fran\u00e7aise. GRAND PRIX pour les quatre haikus Madame TIKK S.N Charlotte Monsieur LACROIX Giovanni Laur\u00e9ats par saisons :\u00a0 PRINTEMPS \u6625 &#8211; La Maison du Japon dans la Cit\u00e9 Universitaire Monsieur TARA Eduard Madame PLENACOSTE Annick ETE \u590f &#8211; Le 14 juillet, a\u0300 la place de la Concorde Monsieur CAMY JEAN JACQUES AUTOMNE \u79cb &#8211; Dans le jardin de l&rsquo;Espace Mitsukoshi-Etoile Madame CAPILLON Claudine HIVER \u51ac &#8211; La Tour Eiffel blanche Madame DRUMEZ Rachel Haiku en langue japonaise Monsieur TSUTSUMI Haruo \u5824 \u6625\u751f &#8211;\u00a0ETE \u590f &#8211; Le 14 juillet, a\u0300 la place de la Concorde Madame LAMBERT Marine &#8211;\u00a0HIVER \u51ac &#8211; La Tour Eiffel blanche Prix sp\u00e9ciaux :\u00a0 Madame CHERASSE Maeva, pour son bel haiku sur l&rsquo;automne. Monsieur BUIGUES Ren\u00e9-Pierre, pour ses quatre haikus de grande qualit\u00e9. Merci \u00e0 tous pour ces plus de 380 participations passionnantes ! Cette diversit\u00e9 cr\u00e9ative est le reflet de l&rsquo;engagement et du talent de plus de 270 participants de France, francophones de l&rsquo;\u00e9tranger ou japonais. Un engouement qui est \u00e0 la hauteur de la renomm\u00e9e toujours vibrante de l&rsquo;artiste japonais Kojiro Akagi. Venez donc d\u00e9couvrir les haikus laur\u00e9ats en exclusivit\u00e9 lors de la c\u00e9r\u00e9monie du 4 avril 2024.\u00a0Ceux-ci seront ensuite publi\u00e9s sur notre\u00a0site internet. Une ma\u00eetre calligraphe japonaise sera convi\u00e9e pour r\u00e9aliser la calligraphie des ha\u00efkus.\u00a0 En pr\u00e9sence de,\u00a0 Son Excellence l&rsquo;Ambassadeur du Japon en France, Monsieur SHIMOKAWA Makita Monsieur Philippe Goujon, Maire du 15e, Paris. Monsieur Naoki KANAYAMA, Directeur de la Maison du Japon \u00e0 la Cit\u00e9 Internationale Universitaire de Paris. Monsieur Savin YEATMAN-EIFFEL, Curateur de l&rsquo;exposition \u00ab\u00a0Eiffel &#8211; Toujours plus haut\u00a0\u00bb, arri\u00e8re-arri\u00e8re-petit-fils de l&rsquo;architecte Gustave Eiffel. \u00a0JURY\u00a0 Nicolas Grenier,\u00a0Pr\u00e9sident du Centre de Recherche International de Po\u00e9sie (CRIP), po\u00e8te fran\u00e7ais, sp\u00e9cialiste de l&rsquo;art du tanka et du haiku en France Daniel Py,\u00a0sp\u00e9cialiste du haiku, cofondateur du cercle de haikus \u00ab kukai.paris \u00bb Kosuke KAWASAKI, Association \u00ab\u00a0HAIKUMAN 575\u00a0\u00bb. Thais Bihour, docteur en Histoire de l&rsquo;art Sylvia Cornet de Sawyn, \u00c9crivain, prim\u00e9e en po\u00e9sie Mathilde Nouaillier, Traductrice","og_url":"https:\/\/www.kojiroakagi.com\/kojiroakagi_wp\/ceremonie-de-remise-des-prix-du-concours-haiku-x-akagi\/","og_site_name":"Fonds de Dotation Kojiro AKAGI","article_publisher":"https:\/\/www.facebook.com\/AKAGIKojiro\/?locale=fr_FR","article_published_time":"2024-03-11T12:06:35+00:00","article_modified_time":"2024-10-06T22:12:24+00:00","og_image":[{"url":"http:\/\/www.kojiroakagi.com\/kojiroakagi_wp\/wp-content\/uploads\/2024\/03\/Invitation-Ceremonie-4-avril-300x300.png","type":"","width":"","height":""}],"author":"FDD_KojiroAkagi","twitter_card":"summary_large_image","twitter_misc":{"\u00c9crit par":"FDD_KojiroAkagi","Dur\u00e9e de lecture estim\u00e9e":"2 minutes"},"schema":{"@context":"https:\/\/schema.org","@graph":[{"@type":"Article","@id":"https:\/\/www.kojiroakagi.com\/kojiroakagi_wp\/ceremonie-de-remise-des-prix-du-concours-haiku-x-akagi\/#article","isPartOf":{"@id":"https:\/\/www.kojiroakagi.com\/kojiroakagi_wp\/ceremonie-de-remise-des-prix-du-concours-haiku-x-akagi\/"},"author":{"name":"FDD_KojiroAkagi","@id":"https:\/\/www.kojiroakagi.com\/kojiroakagi_wp\/#\/schema\/person\/24d2cbf3ffe28aeea5f207a8d8621f15"},"headline":"C\u00e9r\u00e9monie de remise des prix du Concours HAIKU x AKAGI","datePublished":"2024-03-11T12:06:35+00:00","dateModified":"2024-10-06T22:12:24+00:00","mainEntityOfPage":{"@id":"https:\/\/www.kojiroakagi.com\/kojiroakagi_wp\/ceremonie-de-remise-des-prix-du-concours-haiku-x-akagi\/"},"wordCount":351,"commentCount":0,"publisher":{"@id":"https:\/\/www.kojiroakagi.com\/kojiroakagi_wp\/#organization"},"image":{"@id":"https:\/\/www.kojiroakagi.com\/kojiroakagi_wp\/ceremonie-de-remise-des-prix-du-concours-haiku-x-akagi\/#primaryimage"},"thumbnailUrl":"http:\/\/www.kojiroakagi.com\/kojiroakagi_wp\/wp-content\/uploads\/2024\/03\/Invitation-Ceremonie-4-avril-300x300.png","articleSection":["Concours HAIKU x AKAGI"],"inLanguage":"fr-FR","potentialAction":[{"@type":"CommentAction","name":"Comment","target":["https:\/\/www.kojiroakagi.com\/kojiroakagi_wp\/ceremonie-de-remise-des-prix-du-concours-haiku-x-akagi\/#respond"]}]},{"@type":"WebPage","@id":"https:\/\/www.kojiroakagi.com\/kojiroakagi_wp\/ceremonie-de-remise-des-prix-du-concours-haiku-x-akagi\/","url":"https:\/\/www.kojiroakagi.com\/kojiroakagi_wp\/ceremonie-de-remise-des-prix-du-concours-haiku-x-akagi\/","name":"C\u00e9r\u00e9monie de remise des prix du Concours HAIKU x AKAGI - Fonds de Dotation Kojiro AKAGI","isPartOf":{"@id":"https:\/\/www.kojiroakagi.com\/kojiroakagi_wp\/#website"},"primaryImageOfPage":{"@id":"https:\/\/www.kojiroakagi.com\/kojiroakagi_wp\/ceremonie-de-remise-des-prix-du-concours-haiku-x-akagi\/#primaryimage"},"image":{"@id":"https:\/\/www.kojiroakagi.com\/kojiroakagi_wp\/ceremonie-de-remise-des-prix-du-concours-haiku-x-akagi\/#primaryimage"},"thumbnailUrl":"http:\/\/www.kojiroakagi.com\/kojiroakagi_wp\/wp-content\/uploads\/2024\/03\/Invitation-Ceremonie-4-avril-300x300.png","datePublished":"2024-03-11T12:06:35+00:00","dateModified":"2024-10-06T22:12:24+00:00","breadcrumb":{"@id":"https:\/\/www.kojiroakagi.com\/kojiroakagi_wp\/ceremonie-de-remise-des-prix-du-concours-haiku-x-akagi\/#breadcrumb"},"inLanguage":"fr-FR","potentialAction":[{"@type":"ReadAction","target":["https:\/\/www.kojiroakagi.com\/kojiroakagi_wp\/ceremonie-de-remise-des-prix-du-concours-haiku-x-akagi\/"]}]},{"@type":"ImageObject","inLanguage":"fr-FR","@id":"https:\/\/www.kojiroakagi.com\/kojiroakagi_wp\/ceremonie-de-remise-des-prix-du-concours-haiku-x-akagi\/#primaryimage","url":"http:\/\/www.kojiroakagi.com\/kojiroakagi_wp\/wp-content\/uploads\/2024\/03\/Invitation-Ceremonie-4-avril-300x300.png","contentUrl":"http:\/\/www.kojiroakagi.com\/kojiroakagi_wp\/wp-content\/uploads\/2024\/03\/Invitation-Ceremonie-4-avril-300x300.png"},{"@type":"BreadcrumbList","@id":"https:\/\/www.kojiroakagi.com\/kojiroakagi_wp\/ceremonie-de-remise-des-prix-du-concours-haiku-x-akagi\/#breadcrumb","itemListElement":[{"@type":"ListItem","position":1,"name":"Accueil","item":"https:\/\/www.kojiroakagi.com\/kojiroakagi_wp\/"},{"@type":"ListItem","position":2,"name":"C\u00e9r\u00e9monie de remise des prix du Concours HAIKU x AKAGI"}]},{"@type":"WebSite","@id":"https:\/\/www.kojiroakagi.com\/kojiroakagi_wp\/#website","url":"https:\/\/www.kojiroakagi.com\/kojiroakagi_wp\/","name":"Fonds de Dotation Kojiro AKAGI","description":"Le plus parisien des peintres japonais","publisher":{"@id":"https:\/\/www.kojiroakagi.com\/kojiroakagi_wp\/#organization"},"potentialAction":[{"@type":"SearchAction","target":{"@type":"EntryPoint","urlTemplate":"https:\/\/www.kojiroakagi.com\/kojiroakagi_wp\/?s={search_term_string}"},"query-input":{"@type":"PropertyValueSpecification","valueRequired":true,"valueName":"search_term_string"}}],"inLanguage":"fr-FR"},{"@type":"Organization","@id":"https:\/\/www.kojiroakagi.com\/kojiroakagi_wp\/#organization","name":"Fonds de Dotation Kojiro AKAGI","url":"https:\/\/www.kojiroakagi.com\/kojiroakagi_wp\/","logo":{"@type":"ImageObject","inLanguage":"fr-FR","@id":"https:\/\/www.kojiroakagi.com\/kojiroakagi_wp\/#\/schema\/logo\/image\/","url":"https:\/\/www.kojiroakagi.com\/kojiroakagi_wp\/wp-content\/uploads\/2023\/09\/cropped-8e84c50b879d24d8f2289ced01263d2c-1-PhotoRoom.png-PhotoRoom.png","contentUrl":"https:\/\/www.kojiroakagi.com\/kojiroakagi_wp\/wp-content\/uploads\/2023\/09\/cropped-8e84c50b879d24d8f2289ced01263d2c-1-PhotoRoom.png-PhotoRoom.png","width":788,"height":315,"caption":"Fonds de Dotation Kojiro AKAGI"},"image":{"@id":"https:\/\/www.kojiroakagi.com\/kojiroakagi_wp\/#\/schema\/logo\/image\/"},"sameAs":["https:\/\/www.facebook.com\/AKAGIKojiro\/?locale=fr_FR","https:\/\/www.instagram.com\/fondskojiroakagi\/?locale=ne_NP&hl=ar"]},{"@type":"Person","@id":"https:\/\/www.kojiroakagi.com\/kojiroakagi_wp\/#\/schema\/person\/24d2cbf3ffe28aeea5f207a8d8621f15","name":"FDD_KojiroAkagi","image":{"@type":"ImageObject","inLanguage":"fr-FR","@id":"https:\/\/secure.gravatar.com\/avatar\/59a6c893ba552456bca1e3b24e73a3823d67e85a6043d6fe8edfc3878a804749?s=96&d=mm&r=g","url":"https:\/\/secure.gravatar.com\/avatar\/59a6c893ba552456bca1e3b24e73a3823d67e85a6043d6fe8edfc3878a804749?s=96&d=mm&r=g","contentUrl":"https:\/\/secure.gravatar.com\/avatar\/59a6c893ba552456bca1e3b24e73a3823d67e85a6043d6fe8edfc3878a804749?s=96&d=mm&r=g","caption":"FDD_KojiroAkagi"},"sameAs":["https:\/\/www.kojiroakagi.com"],"url":"https:\/\/www.kojiroakagi.com\/kojiroakagi_wp\/author\/fdd_kojiroakagi\/"}]}},"_links":{"self":[{"href":"https:\/\/www.kojiroakagi.com\/kojiroakagi_wp\/wp-json\/wp\/v2\/posts\/776","targetHints":{"allow":["GET"]}}],"collection":[{"href":"https:\/\/www.kojiroakagi.com\/kojiroakagi_wp\/wp-json\/wp\/v2\/posts"}],"about":[{"href":"https:\/\/www.kojiroakagi.com\/kojiroakagi_wp\/wp-json\/wp\/v2\/types\/post"}],"author":[{"embeddable":true,"href":"https:\/\/www.kojiroakagi.com\/kojiroakagi_wp\/wp-json\/wp\/v2\/users\/3"}],"replies":[{"embeddable":true,"href":"https:\/\/www.kojiroakagi.com\/kojiroakagi_wp\/wp-json\/wp\/v2\/comments?post=776"}],"version-history":[{"count":7,"href":"https:\/\/www.kojiroakagi.com\/kojiroakagi_wp\/wp-json\/wp\/v2\/posts\/776\/revisions"}],"predecessor-version":[{"id":789,"href":"https:\/\/www.kojiroakagi.com\/kojiroakagi_wp\/wp-json\/wp\/v2\/posts\/776\/revisions\/789"}],"wp:attachment":[{"href":"https:\/\/www.kojiroakagi.com\/kojiroakagi_wp\/wp-json\/wp\/v2\/media?parent=776"}],"wp:term":[{"taxonomy":"category","embeddable":true,"href":"https:\/\/www.kojiroakagi.com\/kojiroakagi_wp\/wp-json\/wp\/v2\/categories?post=776"},{"taxonomy":"post_tag","embeddable":true,"href":"https:\/\/www.kojiroakagi.com\/kojiroakagi_wp\/wp-json\/wp\/v2\/tags?post=776"}],"curies":[{"name":"wp","href":"https:\/\/api.w.org\/{rel}","templated":true}]}}